{"id":10844,"date":"2025-10-21T09:33:24","date_gmt":"2025-10-21T06:33:24","guid":{"rendered":"https:\/\/live-kora-tv.com\/gaps-a-la-veille-dune-greve-generale-la-pression-monte-sur-la-pollution-environnementale\/"},"modified":"2025-10-21T09:33:26","modified_gmt":"2025-10-21T06:33:26","slug":"gaps-a-la-veille-dune-greve-generale-la-pression-monte-sur-la-pollution-environnementale","status":"publish","type":"post","link":"https:\/\/live-kora-tv.com\/fr\/gaps-a-la-veille-dune-greve-generale-la-pression-monte-sur-la-pollution-environnementale\/","title":{"rendered":"Gaps \u00e0 la veille d&rsquo;une gr\u00e8ve g\u00e9n\u00e9rale : La pression monte sur la pollution environnementale"},"content":{"rendered":"\n<p>Alors qu&rsquo;une gr\u00e8ve g\u00e9n\u00e9rale se profile \u00e0 l&rsquo;horizon, la tension monte \u00e0 Gab\u00e8s. Lundi, plusieurs organisations nationales et organismes professionnels du gouvernorat ont publi\u00e9 une d\u00e9claration commune exprimant leur enti\u00e8re solidarit\u00e9 avec les manifestations civiles pacifiques contre la pollution industrielle qui menace la vie de la r\u00e9gion depuis des d\u00e9cennies.    <\/p>\n\n<p>Parmi les signataires figurent : L&rsquo;Union r\u00e9gionale de l&rsquo;industrie, du commerce et de l&rsquo;artisanat, les sections de l&rsquo;Union nationale de la femme tunisienne, l&rsquo;Union r\u00e9gionale de l&rsquo;agriculture et de la p\u00eache, ainsi que les unions locales des avocats, des comptables, des ing\u00e9nieurs et des pharmaciens. Ils affirment une position d\u00e9cisive : La d\u00e9fense de Gab\u00e8s et le droit de ses habitants \u00e0 vivre en s\u00e9curit\u00e9 dans un environnement propre et sain.      <\/p>\n\n<p>La d\u00e9claration met en garde contre la d\u00e9t\u00e9rioration alarmante des conditions dans la r\u00e9gion, r\u00e9sultant de la poursuite de la pollution industrielle et de l&rsquo;absence de mesures correctives radicales. Les signataires soulignent leur engagement \u00e0 organiser des efforts collectifs, \u00e0 respecter le cadre juridique et \u00e0 prot\u00e9ger les biens publics et priv\u00e9s.   <\/p>\n\n<p>Cette annonce intervient alors que l&rsquo;Union g\u00e9n\u00e9rale tunisienne du travail (UGTT) confirme une gr\u00e8ve g\u00e9n\u00e9rale demain, mardi 21 octobre, en r\u00e9ponse \u00e0 l&rsquo;effondrement de l&rsquo;environnement et \u00e0 l&rsquo;inaction du gouvernement face \u00e0 une catastrophe sportive insupportable. <\/p>\n\n<h4 class=\"wp-block-heading\">Gabs : Une r\u00e9gion qui croule sous le poids de la pollution <\/h4>\n\n<p>Longtemps surnomm\u00e9e \u00ab\u00a0la capitale de l&rsquo;environnement n\u00e9glig\u00e9\u00a0\u00bb, Gaps est aujourd&rsquo;hui en proie aux \u00e9manations toxiques, aux eaux pollu\u00e9es et aux terres st\u00e9rilis\u00e9es. Les habitants se plaignent de la transformation de la fonction industrielle en un risque sanitaire permanent.  <\/p>\n\n<p>Ce mouvement professionnel uni repr\u00e9sente un tournant : La question environnementale n&rsquo;est plus seulement une demande locale, mais une question r\u00e9gionale et nationale. La gr\u00e8ve g\u00e9n\u00e9rale semble \u00eatre un message fort adress\u00e9 au gouvernement, accus\u00e9 de lenteur et de n\u00e9gligence.    <\/p>\n","protected":false},"excerpt":{"rendered":"<p>Alors qu&rsquo;une gr\u00e8ve g\u00e9n\u00e9rale se profile \u00e0 l&rsquo;horizon, la tension monte \u00e0 Gab\u00e8s. Lundi, plusieurs organisations nationales et organismes professionnels du gouvernorat ont publi\u00e9 une d\u00e9claration commune exprimant leur enti\u00e8re solidarit\u00e9 avec les manifestations civiles pacifiques contre la pollution industrielle qui menace la vie de la r\u00e9gion depuis des d\u00e9cennies. Parmi les signataires figurent : [&hellip;]<\/p>\n","protected":false},"author":4,"featured_media":10842,"comment_status":"open","ping_status":"open","sticky":false,"template":"","format":"standard","meta":{"footnotes":""},"categories":[68],"tags":[],"class_list":{"0":"post-10844","1":"post","2":"type-post","3":"status-publish","4":"format-standard","5":"has-post-thumbnail","7":"category-communaute"},"_links":{"self":[{"href":"https:\/\/live-kora-tv.com\/fr\/wp-json\/wp\/v2\/posts\/10844","targetHints":{"allow":["GET"]}}],"collection":[{"href":"https:\/\/live-kora-tv.com\/fr\/wp-json\/wp\/v2\/posts"}],"about":[{"href":"https:\/\/live-kora-tv.com\/fr\/wp-json\/wp\/v2\/types\/post"}],"author":[{"embeddable":true,"href":"https:\/\/live-kora-tv.com\/fr\/wp-json\/wp\/v2\/users\/4"}],"replies":[{"embeddable":true,"href":"https:\/\/live-kora-tv.com\/fr\/wp-json\/wp\/v2\/comments?post=10844"}],"version-history":[{"count":1,"href":"https:\/\/live-kora-tv.com\/fr\/wp-json\/wp\/v2\/posts\/10844\/revisions"}],"predecessor-version":[{"id":10845,"href":"https:\/\/live-kora-tv.com\/fr\/wp-json\/wp\/v2\/posts\/10844\/revisions\/10845"}],"wp:featuredmedia":[{"embeddable":true,"href":"https:\/\/live-kora-tv.com\/fr\/wp-json\/wp\/v2\/media\/10842"}],"wp:attachment":[{"href":"https:\/\/live-kora-tv.com\/fr\/wp-json\/wp\/v2\/media?parent=10844"}],"wp:term":[{"taxonomy":"category","embeddable":true,"href":"https:\/\/live-kora-tv.com\/fr\/wp-json\/wp\/v2\/categories?post=10844"},{"taxonomy":"post_tag","embeddable":true,"href":"https:\/\/live-kora-tv.com\/fr\/wp-json\/wp\/v2\/tags?post=10844"}],"curies":[{"name":"wp","href":"https:\/\/api.w.org\/{rel}","templated":true}]}}