{"id":12069,"date":"2025-12-03T17:15:24","date_gmt":"2025-12-03T15:15:24","guid":{"rendered":"https:\/\/live-kora-tv.com\/israel-annonce-quil-ouvrira-bientot-le-point-de-passage-de-rafah-pour-permettre-aux-habitants-de-gaza-de-se-rendre-en-egypte-une-etape-cruciale-dans-le-cessez-le-feu\/"},"modified":"2025-12-03T17:15:27","modified_gmt":"2025-12-03T15:15:27","slug":"israel-annonce-quil-ouvrira-bientot-le-point-de-passage-de-rafah-pour-permettre-aux-habitants-de-gaza-de-se-rendre-en-egypte-une-etape-cruciale-dans-le-cessez-le-feu","status":"publish","type":"post","link":"https:\/\/live-kora-tv.com\/fr\/israel-annonce-quil-ouvrira-bientot-le-point-de-passage-de-rafah-pour-permettre-aux-habitants-de-gaza-de-se-rendre-en-egypte-une-etape-cruciale-dans-le-cessez-le-feu\/","title":{"rendered":"Isra\u00ebl annonce qu&rsquo;il ouvrira bient\u00f4t le point de passage de Rafah pour permettre aux habitants de Gaza de se rendre en \u00c9gypte. Une \u00e9tape cruciale dans le cessez-le-feu"},"content":{"rendered":"\n<p>LE CAIRE &#8211; La Coordination des activit\u00e9s gouvernementales dans les territoires (COGAT) a annonc\u00e9 aujourd&rsquo;hui, mercredi 3 d\u00e9cembre 2025, que le point de passage de Rafah sera ouvert dans les prochains jours pour permettre aux habitants de Gaza de sortir vers l&rsquo;\u00c9gypte, conform\u00e9ment \u00e0 l&rsquo;accord de cessez-le-feu en vigueur dans la bande de Gaza. L&rsquo;op\u00e9ration sera men\u00e9e en coordination avec les autorit\u00e9s \u00e9gyptiennes et la mission de l&rsquo;Union europ\u00e9enne charg\u00e9e de superviser le passage, a pr\u00e9cis\u00e9 le COGAT.    <\/p>\n\n<p>Kogat a d\u00e9clar\u00e9 dans un communiqu\u00e9 sur la plateforme X : \u00ab\u00a0Conform\u00e9ment \u00e0 l&rsquo;accord de cessez-le-feu et aux directives \u00e9manant du niveau politique, le point de passage de Rafah sera ouvert dans les prochains jours, exclusivement pour le d\u00e9part des habitants de la bande de Gaza vers l&rsquo;\u00c9gypte. Elle a expliqu\u00e9 que cette mesure \u00e9tait approuv\u00e9e par les services de s\u00e9curit\u00e9 isra\u00e9liens et que personne en provenance d&rsquo;\u00c9gypte ne serait autoris\u00e9 \u00e0 entrer dans la bande de Gaza pour le moment.    <\/p>\n\n<h4 class=\"wp-block-heading\">Contexte et implications de la d\u00e9cision<\/h4>\n\n<p>Le point de passage devait \u00eatre ouvert fin octobre dans le cadre de la premi\u00e8re phase de l&rsquo;accord de cessez-le-feu, entr\u00e9 en vigueur le 10 octobre apr\u00e8s deux ans de guerre d&rsquo;an\u00e9antissement, mais Isra\u00ebl ne s&rsquo;y est pas conform\u00e9. Les forces d&rsquo;occupation ont ferm\u00e9 le point de passage de Rafah au d\u00e9but de leur op\u00e9ration militaire dans la ville de Rafah, au sud de la bande de Gaza, le 24 mai, et ont emp\u00each\u00e9 les citoyens d&rsquo;entrer dans la bande de Gaza ou d&rsquo;en sortir.      <\/p>\n\n<p>La fermeture du point de passage intervient dans un contexte de grave crise humanitaire \u00e0 Gaza \u00e0 la suite de la guerre, et les Nations unies et les organisations d&rsquo;aide ont demand\u00e9 \u00e0 plusieurs reprises sa r\u00e9ouverture. Il a \u00e9t\u00e9 soulign\u00e9 que la sortie se ferait en coordination avec Le Caire et la mission de l&rsquo;UE qui supervise le point de passage, et qu&rsquo;elle suivrait le m\u00eame m\u00e9canisme que celui qui a \u00e9t\u00e9 mis en \u0153uvre en janvier 2025.   <\/p>\n\n<h4 class=\"wp-block-heading\">Impacts directs et pr\u00e9occupations<\/h4>\n\n<p>L&rsquo;ouverture du point de passage de Rafah est une \u00e9tape cruciale dans la r\u00e9solution de la crise humanitaire \u00e0 Gaza, car c&rsquo;est d\u00e9sormais le seul moyen de recevoir un traitement m\u00e9dical ou de quitter la bande pour la premi\u00e8re fois depuis octobre 2025. Toutefois, cette d\u00e9cision intervient dans un contexte de tensions s\u00e9curitaires accrues, les Isra\u00e9liens affirmant que les factions de la r\u00e9sistance palestinienne font obstacle au retour des corps des prisonniers.    <\/p>\n\n<p>Il a \u00e9t\u00e9 soulign\u00e9 que le retrait se ferait en coordination avec Le Caire et la mission de l&rsquo;UE qui supervise la travers\u00e9e, et suivrait la m\u00eame proc\u00e9dure que celle mise en \u0153uvre en janvier 2025. <\/p>\n","protected":false},"excerpt":{"rendered":"<p>LE CAIRE &#8211; La Coordination des activit\u00e9s gouvernementales dans les territoires (COGAT) a annonc\u00e9 aujourd&rsquo;hui, mercredi 3 d\u00e9cembre 2025, que le point de passage de Rafah sera ouvert dans les prochains jours pour permettre aux habitants de Gaza de sortir vers l&rsquo;\u00c9gypte, conform\u00e9ment \u00e0 l&rsquo;accord de cessez-le-feu en vigueur dans la bande de Gaza. L&rsquo;op\u00e9ration [&hellip;]<\/p>\n","protected":false},"author":4,"featured_media":12063,"comment_status":"open","ping_status":"open","sticky":false,"template":"","format":"standard","meta":{"footnotes":""},"categories":[69],"tags":[],"class_list":{"0":"post-12069","1":"post","2":"type-post","3":"status-publish","4":"format-standard","5":"has-post-thumbnail","7":"category-nouvelles-du-monde"},"_links":{"self":[{"href":"https:\/\/live-kora-tv.com\/fr\/wp-json\/wp\/v2\/posts\/12069","targetHints":{"allow":["GET"]}}],"collection":[{"href":"https:\/\/live-kora-tv.com\/fr\/wp-json\/wp\/v2\/posts"}],"about":[{"href":"https:\/\/live-kora-tv.com\/fr\/wp-json\/wp\/v2\/types\/post"}],"author":[{"embeddable":true,"href":"https:\/\/live-kora-tv.com\/fr\/wp-json\/wp\/v2\/users\/4"}],"replies":[{"embeddable":true,"href":"https:\/\/live-kora-tv.com\/fr\/wp-json\/wp\/v2\/comments?post=12069"}],"version-history":[{"count":1,"href":"https:\/\/live-kora-tv.com\/fr\/wp-json\/wp\/v2\/posts\/12069\/revisions"}],"predecessor-version":[{"id":12070,"href":"https:\/\/live-kora-tv.com\/fr\/wp-json\/wp\/v2\/posts\/12069\/revisions\/12070"}],"wp:featuredmedia":[{"embeddable":true,"href":"https:\/\/live-kora-tv.com\/fr\/wp-json\/wp\/v2\/media\/12063"}],"wp:attachment":[{"href":"https:\/\/live-kora-tv.com\/fr\/wp-json\/wp\/v2\/media?parent=12069"}],"wp:term":[{"taxonomy":"category","embeddable":true,"href":"https:\/\/live-kora-tv.com\/fr\/wp-json\/wp\/v2\/categories?post=12069"},{"taxonomy":"post_tag","embeddable":true,"href":"https:\/\/live-kora-tv.com\/fr\/wp-json\/wp\/v2\/tags?post=12069"}],"curies":[{"name":"wp","href":"https:\/\/api.w.org\/{rel}","templated":true}]}}