{"id":12217,"date":"2025-12-09T17:36:11","date_gmt":"2025-12-09T15:36:11","guid":{"rendered":"https:\/\/live-kora-tv.com\/tunisie-membre-elu-du-bureau-executif-du-conseil-ministeriel-arabe-du-tourisme-et-vice-president\/"},"modified":"2025-12-09T17:36:13","modified_gmt":"2025-12-09T15:36:13","slug":"tunisie-membre-elu-du-bureau-executif-du-conseil-ministeriel-arabe-du-tourisme-et-vice-president","status":"publish","type":"post","link":"https:\/\/live-kora-tv.com\/fr\/tunisie-membre-elu-du-bureau-executif-du-conseil-ministeriel-arabe-du-tourisme-et-vice-president\/","title":{"rendered":"Tunisie Membre \u00e9lu du bureau ex\u00e9cutif du Conseil minist\u00e9riel arabe du tourisme et vice-pr\u00e9sident"},"content":{"rendered":"\n<p>La Tunisie participe aux r\u00e9unions de la 28\u00e8me session du Conseil minist\u00e9riel arabe du tourisme, tenue les 8 et 9 d\u00e9cembre 2025 dans la capitale irakienne Bagdad, qui a \u00e9t\u00e9 inaugur\u00e9e par le Premier ministre irakien Mohammed Shi&rsquo;a Al Sudani, en pr\u00e9sence d&rsquo;un groupe de ministres arabes du tourisme.   <\/p>\n\n<p>Le ministre du tourisme Sofian Tekaya a prononc\u00e9 un discours dans lequel il a soulign\u00e9 que cette r\u00e9union intervient \u00e0 la lumi\u00e8re des changements rapides au niveau international, faisant du secteur du tourisme un \u00e9l\u00e9ment cl\u00e9 qui combine les d\u00e9fis \u00e9conomiques, sociaux et culturels, et n\u00e9cessite une vision future bas\u00e9e sur la flexibilit\u00e9, l&rsquo;innovation et la durabilit\u00e9, ajoutant qu&rsquo;il est devenu clair aujourd&rsquo;hui que l&rsquo;avenir du tourisme arabe ne peut \u00eatre r\u00e9alis\u00e9 que par une coop\u00e9ration \u00e9troite entre les pays et notre capacit\u00e9 \u00e0 cr\u00e9er un syst\u00e8me r\u00e9gional coh\u00e9sif qui va au-del\u00e0 des initiatives individuelles vers des projets conjoints pratiques.    <\/p>\n\n<p>Il a \u00e9galement not\u00e9 que la Tunisie s&rsquo;est concentr\u00e9e au cours des derni\u00e8res ann\u00e9es sur le renforcement de son infrastructure touristique \u00e0 travers la num\u00e9risation, l&rsquo;intensification des campagnes promotionnelles \u00e0 travers des outils de communication modernes, l&rsquo;utilisation de l&rsquo;intelligence artificielle, des influenceurs et des cr\u00e9ateurs de contenu, l&rsquo;encouragement de l&rsquo;investissement et la mise \u00e0 niveau des services vers le tourisme de luxe et les h\u00f4tels haut de gamme, le soutien aux start-ups, en mettant de plus en plus l&rsquo;accent sur le tourisme culturel, de sant\u00e9 et de conf\u00e9rence, ainsi que sur le tourisme du d\u00e9sert et des oasis, qui est devenu l&rsquo;un des \u00e9l\u00e9ments les plus pro\u00e9minents de l&rsquo;offre touristique tunisienne gr\u00e2ce \u00e0 nos richesses naturelles et \u00e0 nos comp\u00e9tences exceptionnelles, comme indiqu\u00e9 sur la page officielle du minist\u00e8re.       <\/p>\n\n<p>Dans son discours, le ministre a r\u00e9it\u00e9r\u00e9 la position ferme de la Tunisie \u00e0 l&rsquo;\u00e9gard de ses fr\u00e8res palestiniens et son engagement \u00e0 soutenir la solidit\u00e9 du secteur touristique palestinien, \u00e0 prot\u00e9ger son patrimoine touristique, \u00e0 renforcer sa pr\u00e9sence et \u00e0 le promouvoir en tant que partie authentique de l&rsquo;identit\u00e9 culturelle arabe commune.   <\/p>\n\n<p>Dans le cadre de la restructuration de l&rsquo;organe ex\u00e9cutif du Conseil minist\u00e9riel arabe du tourisme, la Tunisie a \u00e9t\u00e9 \u00e9lue membre du bureau ex\u00e9cutif et vice-pr\u00e9sidente. <\/p>\n","protected":false},"excerpt":{"rendered":"<p>La Tunisie participe aux r\u00e9unions de la 28\u00e8me session du Conseil minist\u00e9riel arabe du tourisme, tenue les 8 et 9 d\u00e9cembre 2025 dans la capitale irakienne Bagdad, qui a \u00e9t\u00e9 inaugur\u00e9e par le Premier ministre irakien Mohammed Shi&rsquo;a Al Sudani, en pr\u00e9sence d&rsquo;un groupe de ministres arabes du tourisme. Le ministre du tourisme Sofian Tekaya [&hellip;]<\/p>\n","protected":false},"author":4,"featured_media":12215,"comment_status":"open","ping_status":"open","sticky":false,"template":"","format":"standard","meta":{"footnotes":""},"categories":[68],"tags":[],"class_list":{"0":"post-12217","1":"post","2":"type-post","3":"status-publish","4":"format-standard","5":"has-post-thumbnail","7":"category-communaute"},"_links":{"self":[{"href":"https:\/\/live-kora-tv.com\/fr\/wp-json\/wp\/v2\/posts\/12217","targetHints":{"allow":["GET"]}}],"collection":[{"href":"https:\/\/live-kora-tv.com\/fr\/wp-json\/wp\/v2\/posts"}],"about":[{"href":"https:\/\/live-kora-tv.com\/fr\/wp-json\/wp\/v2\/types\/post"}],"author":[{"embeddable":true,"href":"https:\/\/live-kora-tv.com\/fr\/wp-json\/wp\/v2\/users\/4"}],"replies":[{"embeddable":true,"href":"https:\/\/live-kora-tv.com\/fr\/wp-json\/wp\/v2\/comments?post=12217"}],"version-history":[{"count":1,"href":"https:\/\/live-kora-tv.com\/fr\/wp-json\/wp\/v2\/posts\/12217\/revisions"}],"predecessor-version":[{"id":12218,"href":"https:\/\/live-kora-tv.com\/fr\/wp-json\/wp\/v2\/posts\/12217\/revisions\/12218"}],"wp:featuredmedia":[{"embeddable":true,"href":"https:\/\/live-kora-tv.com\/fr\/wp-json\/wp\/v2\/media\/12215"}],"wp:attachment":[{"href":"https:\/\/live-kora-tv.com\/fr\/wp-json\/wp\/v2\/media?parent=12217"}],"wp:term":[{"taxonomy":"category","embeddable":true,"href":"https:\/\/live-kora-tv.com\/fr\/wp-json\/wp\/v2\/categories?post=12217"},{"taxonomy":"post_tag","embeddable":true,"href":"https:\/\/live-kora-tv.com\/fr\/wp-json\/wp\/v2\/tags?post=12217"}],"curies":[{"name":"wp","href":"https:\/\/api.w.org\/{rel}","templated":true}]}}