{"id":12219,"date":"2025-12-09T17:39:48","date_gmt":"2025-12-09T15:39:48","guid":{"rendered":"https:\/\/live-kora-tv.com\/coupe-dafrique-des-nations-2025-lequipe-nationale-tunisienne-en-stage-a-tabarga-avant-le-match-amical-contre-le-botswana\/"},"modified":"2025-12-09T17:40:25","modified_gmt":"2025-12-09T15:40:25","slug":"coupe-dafrique-des-nations-2025-lequipe-nationale-tunisienne-en-stage-a-tabarga-avant-le-match-amical-contre-le-botswana","status":"publish","type":"post","link":"https:\/\/live-kora-tv.com\/fr\/coupe-dafrique-des-nations-2025-lequipe-nationale-tunisienne-en-stage-a-tabarga-avant-le-match-amical-contre-le-botswana\/","title":{"rendered":"Coupe d&rsquo;Afrique des Nations 2025 : L&rsquo;\u00e9quipe nationale tunisienne en stage \u00e0 Tabarga avant le match amical contre le Botswana"},"content":{"rendered":"\n<p>L&rsquo;\u00e9quipe nationale tunisienne de football effectuera un stage \u00e0 Tabarka \u00e0 partir du 12 d\u00e9cembre, dans le cadre de la pr\u00e9paration de la Coupe d&rsquo;Afrique des Nations 2025, qui sera organis\u00e9e par le Maroc entre le 21 d\u00e9cembre et le 18 janvier.  <\/p>\n\n<p>Le rassemblement des Aigles de Carthage durera jusqu&rsquo;au 19 d\u00e9cembre, apr\u00e8s quoi la d\u00e9l\u00e9gation s&rsquo;envolera par un vol sp\u00e9cial de l&rsquo;a\u00e9roport de Tabarka-Ain Draham vers la capitale marocaine Rabat. <\/p>\n\n<p>Dans le cadre du programme du stage, la F\u00e9d\u00e9ration tunisienne de football a pr\u00e9vu un match amical contre l&rsquo;\u00e9quipe nationale du Botswana le 18 d\u00e9cembre, qui se d\u00e9roulera \u00e0 huis clos pour assurer les meilleures conditions de pr\u00e9paration, sans pr\u00e9sence du public ni couverture m\u00e9diatique.   <\/p>\n\n<p>Pour sa part, le s\u00e9lectionneur national Sami Trabelsi d\u00e9voilera la liste d\u00e9finitive des joueurs participant au tournoi le 11 d\u00e9cembre, lors d&rsquo;une conf\u00e9rence de presse qui se tiendra au si\u00e8ge de la F\u00e9d\u00e9ration \u00e0 12 heures.  <\/p>\n\n<p>Dans le groupe C, la Tunisie entamera son premier tour par les matches suivants : <\/p>\n\n<ul class=\"wp-block-list\">\n<li>Ouganda le 23 d\u00e9cembre \u00e0 Rabat.<\/li>\n\n\n\n<li>Niger le 27 d\u00e9cembre \u00e0 F\u00e8s.<\/li>\n\n\n\n<li>Tanzanie le 30 d\u00e9cembre \u00e0 Rabat.<\/li>\n<\/ul>\n","protected":false},"excerpt":{"rendered":"<p>L&rsquo;\u00e9quipe nationale tunisienne de football effectuera un stage \u00e0 Tabarka \u00e0 partir du 12 d\u00e9cembre, dans le cadre de la pr\u00e9paration de la Coupe d&rsquo;Afrique des Nations 2025, qui sera organis\u00e9e par le Maroc entre le 21 d\u00e9cembre et le 18 janvier. Le rassemblement des Aigles de Carthage durera jusqu&rsquo;au 19 d\u00e9cembre, apr\u00e8s quoi la [&hellip;]<\/p>\n","protected":false},"author":4,"featured_media":12193,"comment_status":"open","ping_status":"open","sticky":false,"template":"","format":"standard","meta":{"footnotes":""},"categories":[20],"tags":[],"class_list":{"0":"post-12219","1":"post","2":"type-post","3":"status-publish","4":"format-standard","5":"has-post-thumbnail","7":"category-actualites-sportives"},"_links":{"self":[{"href":"https:\/\/live-kora-tv.com\/fr\/wp-json\/wp\/v2\/posts\/12219","targetHints":{"allow":["GET"]}}],"collection":[{"href":"https:\/\/live-kora-tv.com\/fr\/wp-json\/wp\/v2\/posts"}],"about":[{"href":"https:\/\/live-kora-tv.com\/fr\/wp-json\/wp\/v2\/types\/post"}],"author":[{"embeddable":true,"href":"https:\/\/live-kora-tv.com\/fr\/wp-json\/wp\/v2\/users\/4"}],"replies":[{"embeddable":true,"href":"https:\/\/live-kora-tv.com\/fr\/wp-json\/wp\/v2\/comments?post=12219"}],"version-history":[{"count":3,"href":"https:\/\/live-kora-tv.com\/fr\/wp-json\/wp\/v2\/posts\/12219\/revisions"}],"predecessor-version":[{"id":12222,"href":"https:\/\/live-kora-tv.com\/fr\/wp-json\/wp\/v2\/posts\/12219\/revisions\/12222"}],"wp:featuredmedia":[{"embeddable":true,"href":"https:\/\/live-kora-tv.com\/fr\/wp-json\/wp\/v2\/media\/12193"}],"wp:attachment":[{"href":"https:\/\/live-kora-tv.com\/fr\/wp-json\/wp\/v2\/media?parent=12219"}],"wp:term":[{"taxonomy":"category","embeddable":true,"href":"https:\/\/live-kora-tv.com\/fr\/wp-json\/wp\/v2\/categories?post=12219"},{"taxonomy":"post_tag","embeddable":true,"href":"https:\/\/live-kora-tv.com\/fr\/wp-json\/wp\/v2\/tags?post=12219"}],"curies":[{"name":"wp","href":"https:\/\/api.w.org\/{rel}","templated":true}]}}