{"id":12262,"date":"2025-12-11T12:39:14","date_gmt":"2025-12-11T10:39:14","guid":{"rendered":"https:\/\/live-kora-tv.com\/les-etats-unis-saisissent-un-petrolier-venezuelien-une-menace-directe-pour-les-exportations-de-caracas\/"},"modified":"2025-12-11T12:39:15","modified_gmt":"2025-12-11T10:39:15","slug":"les-etats-unis-saisissent-un-petrolier-venezuelien-une-menace-directe-pour-les-exportations-de-caracas","status":"publish","type":"post","link":"https:\/\/live-kora-tv.com\/fr\/les-etats-unis-saisissent-un-petrolier-venezuelien-une-menace-directe-pour-les-exportations-de-caracas\/","title":{"rendered":"Les \u00c9tats-Unis saisissent un p\u00e9trolier v\u00e9n\u00e9zu\u00e9lien : Une menace directe pour les exportations de Caracas"},"content":{"rendered":"\n<p>Dans les eaux internationales proches du Venezuela, les forces am\u00e9ricaines ont men\u00e9 une op\u00e9ration pour saisir un p\u00e9trolier qui, selon Washington, transportait une cargaison en violation du r\u00e9gime de sanctions. Cette escalade a suscit\u00e9 l&rsquo;indignation de Caracas, qui a consid\u00e9r\u00e9 cette op\u00e9ration comme une \u00ab\u00a0agression flagrante\u00a0\u00bb et une tentative de s&#8217;emparer de ses richesses strat\u00e9giques.     <\/p>\n\n<p>Les garde-c\u00f4tes am\u00e9ricains ont confirm\u00e9 que l&rsquo;op\u00e9ration s&rsquo;inscrivait dans le cadre de la mise en \u0153uvre de lois et de sanctions internationales visant \u00e0 restreindre les revenus du gouvernement de Nicolas Maduro, en pr\u00e9cisant que le p\u00e9trolier se dirigeait vers un port asiatique potentiel pour d\u00e9charger sa cargaison de mani\u00e8re \u00e0 contourner les restrictions. <\/p>\n\n<p>Le Venezuela, qui poss\u00e8de l&rsquo;une des plus grandes r\u00e9serves de p\u00e9trole au monde, a qualifi\u00e9 l&rsquo;incident de violation de sa souverainet\u00e9 \u00e9conomique. Le gouvernement a annonc\u00e9 une protestation officielle, appelant la communaut\u00e9 internationale \u00e0 condamner les actions des \u00c9tats-Unis, soulignant que cela aggrave la crise \u00e9conomique du pays.      <\/p>\n\n<p>Cet \u00e9v\u00e9nement devrait jeter une ombre sur le march\u00e9 mondial du p\u00e9trole, car les exp\u00e9diteurs pourraient \u00e9viter de transporter du brut v\u00e9n\u00e9zu\u00e9lien par crainte de sanctions similaires, ce qui r\u00e9duirait les volumes d&rsquo;exportation et ferait grimper les prix \u00e0 l&rsquo;\u00e9chelle mondiale.  <\/p>\n","protected":false},"excerpt":{"rendered":"<p>Dans les eaux internationales proches du Venezuela, les forces am\u00e9ricaines ont men\u00e9 une op\u00e9ration pour saisir un p\u00e9trolier qui, selon Washington, transportait une cargaison en violation du r\u00e9gime de sanctions. Cette escalade a suscit\u00e9 l&rsquo;indignation de Caracas, qui a consid\u00e9r\u00e9 cette op\u00e9ration comme une \u00ab\u00a0agression flagrante\u00a0\u00bb et une tentative de s&#8217;emparer de ses richesses strat\u00e9giques. [&hellip;]<\/p>\n","protected":false},"author":4,"featured_media":12256,"comment_status":"open","ping_status":"open","sticky":false,"template":"","format":"standard","meta":{"footnotes":""},"categories":[69],"tags":[],"class_list":{"0":"post-12262","1":"post","2":"type-post","3":"status-publish","4":"format-standard","5":"has-post-thumbnail","7":"category-nouvelles-du-monde"},"_links":{"self":[{"href":"https:\/\/live-kora-tv.com\/fr\/wp-json\/wp\/v2\/posts\/12262","targetHints":{"allow":["GET"]}}],"collection":[{"href":"https:\/\/live-kora-tv.com\/fr\/wp-json\/wp\/v2\/posts"}],"about":[{"href":"https:\/\/live-kora-tv.com\/fr\/wp-json\/wp\/v2\/types\/post"}],"author":[{"embeddable":true,"href":"https:\/\/live-kora-tv.com\/fr\/wp-json\/wp\/v2\/users\/4"}],"replies":[{"embeddable":true,"href":"https:\/\/live-kora-tv.com\/fr\/wp-json\/wp\/v2\/comments?post=12262"}],"version-history":[{"count":1,"href":"https:\/\/live-kora-tv.com\/fr\/wp-json\/wp\/v2\/posts\/12262\/revisions"}],"predecessor-version":[{"id":12263,"href":"https:\/\/live-kora-tv.com\/fr\/wp-json\/wp\/v2\/posts\/12262\/revisions\/12263"}],"wp:featuredmedia":[{"embeddable":true,"href":"https:\/\/live-kora-tv.com\/fr\/wp-json\/wp\/v2\/media\/12256"}],"wp:attachment":[{"href":"https:\/\/live-kora-tv.com\/fr\/wp-json\/wp\/v2\/media?parent=12262"}],"wp:term":[{"taxonomy":"category","embeddable":true,"href":"https:\/\/live-kora-tv.com\/fr\/wp-json\/wp\/v2\/categories?post=12262"},{"taxonomy":"post_tag","embeddable":true,"href":"https:\/\/live-kora-tv.com\/fr\/wp-json\/wp\/v2\/tags?post=12262"}],"curies":[{"name":"wp","href":"https:\/\/api.w.org\/{rel}","templated":true}]}}