{"id":1311,"date":"2024-12-16T08:54:29","date_gmt":"2024-12-16T07:54:29","guid":{"rendered":"https:\/\/live-kora-tv.com\/?p=1311"},"modified":"2024-12-16T08:54:29","modified_gmt":"2024-12-16T07:54:29","slug":"%d0%bbecole-bannit-les-smartphones-une-mesure-saluee-par-lorganisation-tunisienne-pour-leducation-et-la-famille","status":"publish","type":"post","link":"https:\/\/live-kora-tv.com\/fr\/%d0%bbecole-bannit-les-smartphones-une-mesure-saluee-par-lorganisation-tunisienne-pour-leducation-et-la-famille\/","title":{"rendered":"\u041b\u2019\u00e9cole bannit les smartphones : une mesure salu\u00e9e par l\u2019Organisation Tunisienne pour l\u2019\u00c9ducation et la Famille"},"content":{"rendered":"\n<p>L\u2019Organisation Tunisienne pour l\u2019\u00c9ducation et la Famille a exprim\u00e9 son soutien \u00e0 l\u2019interdiction de l\u2019utilisation des smartphones par les \u00e9l\u00e8ves dans les \u00e9tablissements scolaires. Cette d\u00e9cision vise \u00e0 prot\u00e9ger les enfants des dangers li\u00e9s \u00e0 une utilisation non encadr\u00e9e des t\u00e9l\u00e9phones intelligents, tout en r\u00e9pondant aux pr\u00e9occupations croissantes concernant l\u2019augmentation des comportements \u00e0 risque associ\u00e9s \u00e0 leur usage.<\/p>\n\n\n\n<p>Dans un communiqu\u00e9 publi\u00e9 ce dimanche, l\u2019organisation a fait part de son inqui\u00e9tude face \u00e0 la mont\u00e9e des actes de violence et des comportements dangereux dans les \u00e9tablissements \u00e9ducatifs. Ces probl\u00e8mes, selon elle, entravent le bon fonctionnement des \u00e9coles et affectent la qualit\u00e9 de l\u2019\u00e9ducation. En r\u00e9ponse, l\u2019organisation a appel\u00e9 le minist\u00e8re de l\u2019\u00c9ducation \u00e0 appliquer fermement cette interdiction afin de prot\u00e9ger l\u2019environnement scolaire et de garantir une \u00e9ducation saine et \u00e9quilibr\u00e9e pour tous les \u00e9l\u00e8ves.<\/p>\n\n\n\n<p>L\u2019organisation a \u00e9galement insist\u00e9 sur le r\u00f4le essentiel des parents dans cet effort, les invitant \u00e0 collaborer avec les \u00e9quipes p\u00e9dagogiques pour encadrer les habitudes num\u00e9riques de leurs enfants. Elle a soulign\u00e9 que la r\u00e9ussite de cette initiative repose sur une coop\u00e9ration \u00e9troite entre les familles, les \u00e9coles et la soci\u00e9t\u00e9 civile. En particulier, elle a mentionn\u00e9 l\u2019importance des branches locales de l\u2019Organisation Tunisienne pour l\u2019\u00c9ducation et la Famille dans la promotion des valeurs de tol\u00e9rance, de coexistence pacifique et dans l\u2019\u00e9loignement des jeunes de la violence.<\/p>\n\n\n\n<p>Le minist\u00e8re de l\u2019\u00c9ducation a r\u00e9cemment envoy\u00e9 une circulaire aux d\u00e9l\u00e9gations r\u00e9gionales, stipulant que les \u00e9l\u00e8ves ne sont pas autoris\u00e9s \u00e0 apporter ou utiliser des smartphones dans les \u00e9coles. En cas de non-respect, le t\u00e9l\u00e9phone sera confisqu\u00e9 dans un premier temps, avec des sanctions disciplinaires pr\u00e9vues en cas de r\u00e9cidive. Cette d\u00e9cision refl\u00e8te l\u2019engagement des autorit\u00e9s \u00e0 instaurer un environnement scolaire propice \u00e0 l\u2019apprentissage, \u00e0 la discipline et \u00e0 la s\u00e9curit\u00e9.<\/p>\n","protected":false},"excerpt":{"rendered":"<p>L\u2019Organisation Tunisienne pour l\u2019\u00c9ducation et la Famille a exprim\u00e9 son soutien \u00e0 l\u2019interdiction de l\u2019utilisation des smartphones par les \u00e9l\u00e8ves dans les \u00e9tablissements scolaires. Cette d\u00e9cision vise \u00e0 prot\u00e9ger les enfants des dangers li\u00e9s \u00e0 une utilisation non encadr\u00e9e des t\u00e9l\u00e9phones intelligents, tout en r\u00e9pondant aux pr\u00e9occupations croissantes concernant l\u2019augmentation des comportements \u00e0 risque associ\u00e9s [&hellip;]<\/p>\n","protected":false},"author":1,"featured_media":1312,"comment_status":"open","ping_status":"open","sticky":false,"template":"","format":"standard","meta":{"footnotes":""},"categories":[38],"tags":[],"class_list":{"0":"post-1311","1":"post","2":"type-post","3":"status-publish","4":"format-standard","5":"has-post-thumbnail","7":"category-societe"},"_links":{"self":[{"href":"https:\/\/live-kora-tv.com\/fr\/wp-json\/wp\/v2\/posts\/1311","targetHints":{"allow":["GET"]}}],"collection":[{"href":"https:\/\/live-kora-tv.com\/fr\/wp-json\/wp\/v2\/posts"}],"about":[{"href":"https:\/\/live-kora-tv.com\/fr\/wp-json\/wp\/v2\/types\/post"}],"author":[{"embeddable":true,"href":"https:\/\/live-kora-tv.com\/fr\/wp-json\/wp\/v2\/users\/1"}],"replies":[{"embeddable":true,"href":"https:\/\/live-kora-tv.com\/fr\/wp-json\/wp\/v2\/comments?post=1311"}],"version-history":[{"count":1,"href":"https:\/\/live-kora-tv.com\/fr\/wp-json\/wp\/v2\/posts\/1311\/revisions"}],"predecessor-version":[{"id":1314,"href":"https:\/\/live-kora-tv.com\/fr\/wp-json\/wp\/v2\/posts\/1311\/revisions\/1314"}],"wp:featuredmedia":[{"embeddable":true,"href":"https:\/\/live-kora-tv.com\/fr\/wp-json\/wp\/v2\/media\/1312"}],"wp:attachment":[{"href":"https:\/\/live-kora-tv.com\/fr\/wp-json\/wp\/v2\/media?parent=1311"}],"wp:term":[{"taxonomy":"category","embeddable":true,"href":"https:\/\/live-kora-tv.com\/fr\/wp-json\/wp\/v2\/categories?post=1311"},{"taxonomy":"post_tag","embeddable":true,"href":"https:\/\/live-kora-tv.com\/fr\/wp-json\/wp\/v2\/tags?post=1311"}],"curies":[{"name":"wp","href":"https:\/\/api.w.org\/{rel}","templated":true}]}}