{"id":13290,"date":"2026-01-13T15:30:33","date_gmt":"2026-01-13T13:30:33","guid":{"rendered":"https:\/\/live-kora-tv.com\/la-securite-nationale-dement-officiellement-quun-agent-ait-ete-abattu-a-arjani-la-nuit-du-nouvel-an\/"},"modified":"2026-01-13T15:30:35","modified_gmt":"2026-01-13T13:30:35","slug":"la-securite-nationale-dement-officiellement-quun-agent-ait-ete-abattu-a-arjani-la-nuit-du-nouvel-an","status":"publish","type":"post","link":"https:\/\/live-kora-tv.com\/fr\/la-securite-nationale-dement-officiellement-quun-agent-ait-ete-abattu-a-arjani-la-nuit-du-nouvel-an\/","title":{"rendered":"La s\u00e9curit\u00e9 nationale d\u00e9ment officiellement qu&rsquo;un agent ait \u00e9t\u00e9 abattu \u00e0 Arjani la nuit du Nouvel An."},"content":{"rendered":"\n<p>La Direction g\u00e9n\u00e9rale de la s\u00fbret\u00e9 nationale a cat\u00e9goriquement d\u00e9menti mercredi ce qui a circul\u00e9 sur certains sites et pages de m\u00e9dias sociaux concernant l&rsquo;assassinat par balle d&rsquo;un membre de la brigade antidrogue dans la r\u00e9gion d&rsquo;Argani le soir du Nouvel An.  <\/p>\n\n<p>L&rsquo;administration a d\u00e9clar\u00e9 dans un communiqu\u00e9 officiel que cette information est \u00ab\u00a0totalement infond\u00e9e\u00a0\u00bb et ne repose sur aucune r\u00e9alit\u00e9 concr\u00e8te, soulignant que les unit\u00e9s de s\u00e9curit\u00e9 ont assur\u00e9 les c\u00e9l\u00e9brations du Nouvel An administratif dans des conditions tout \u00e0 fait normales, sans enregistrer d&rsquo;incident notable.  <\/p>\n\n<p>Ce d\u00e9menti fait suite \u00e0 la diffusion d&rsquo;informations inexactes affirmant que l&rsquo;incident s&rsquo;est produit \u00e0 la suite du d\u00e9mant\u00e8lement d&rsquo;un r\u00e9seau de trafiquants de drogue dans le sud du pays.<\/p>\n\n<p>La Direction g\u00e9n\u00e9rale de la s\u00e9curit\u00e9 nationale a appel\u00e9 les citoyens, les professionnels des m\u00e9dias et les utilisateurs des m\u00e9dias sociaux \u00e0 ne se fier qu&rsquo;aux sources d&rsquo;information officielles de la s\u00e9curit\u00e9 et \u00e0 \u00e9viter de diffuser des informations fausses ou trompeuses susceptibles de semer la confusion dans l&rsquo;opinion publique ou de nuire \u00e0 la s\u00e9curit\u00e9 et \u00e0 la stabilit\u00e9. <\/p>\n\n<p>Cette clarification intervient dans le contexte de la propagation croissante de rumeurs dans l&rsquo;espace virtuel, qui appelle \u00e0 une prise de conscience de l&rsquo;importance de v\u00e9rifier les sources avant de partager tout contenu. <\/p>\n","protected":false},"excerpt":{"rendered":"<p>La Direction g\u00e9n\u00e9rale de la s\u00fbret\u00e9 nationale a cat\u00e9goriquement d\u00e9menti mercredi ce qui a circul\u00e9 sur certains sites et pages de m\u00e9dias sociaux concernant l&rsquo;assassinat par balle d&rsquo;un membre de la brigade antidrogue dans la r\u00e9gion d&rsquo;Argani le soir du Nouvel An. L&rsquo;administration a d\u00e9clar\u00e9 dans un communiqu\u00e9 officiel que cette information est \u00ab\u00a0totalement infond\u00e9e\u00a0\u00bb [&hellip;]<\/p>\n","protected":false},"author":4,"featured_media":13288,"comment_status":"open","ping_status":"open","sticky":false,"template":"","format":"standard","meta":{"footnotes":""},"categories":[68],"tags":[],"class_list":{"0":"post-13290","1":"post","2":"type-post","3":"status-publish","4":"format-standard","5":"has-post-thumbnail","7":"category-communaute"},"_links":{"self":[{"href":"https:\/\/live-kora-tv.com\/fr\/wp-json\/wp\/v2\/posts\/13290","targetHints":{"allow":["GET"]}}],"collection":[{"href":"https:\/\/live-kora-tv.com\/fr\/wp-json\/wp\/v2\/posts"}],"about":[{"href":"https:\/\/live-kora-tv.com\/fr\/wp-json\/wp\/v2\/types\/post"}],"author":[{"embeddable":true,"href":"https:\/\/live-kora-tv.com\/fr\/wp-json\/wp\/v2\/users\/4"}],"replies":[{"embeddable":true,"href":"https:\/\/live-kora-tv.com\/fr\/wp-json\/wp\/v2\/comments?post=13290"}],"version-history":[{"count":1,"href":"https:\/\/live-kora-tv.com\/fr\/wp-json\/wp\/v2\/posts\/13290\/revisions"}],"predecessor-version":[{"id":13291,"href":"https:\/\/live-kora-tv.com\/fr\/wp-json\/wp\/v2\/posts\/13290\/revisions\/13291"}],"wp:featuredmedia":[{"embeddable":true,"href":"https:\/\/live-kora-tv.com\/fr\/wp-json\/wp\/v2\/media\/13288"}],"wp:attachment":[{"href":"https:\/\/live-kora-tv.com\/fr\/wp-json\/wp\/v2\/media?parent=13290"}],"wp:term":[{"taxonomy":"category","embeddable":true,"href":"https:\/\/live-kora-tv.com\/fr\/wp-json\/wp\/v2\/categories?post=13290"},{"taxonomy":"post_tag","embeddable":true,"href":"https:\/\/live-kora-tv.com\/fr\/wp-json\/wp\/v2\/tags?post=13290"}],"curies":[{"name":"wp","href":"https:\/\/api.w.org\/{rel}","templated":true}]}}