{"id":13621,"date":"2026-01-22T10:09:23","date_gmt":"2026-01-22T08:09:23","guid":{"rendered":"https:\/\/live-kora-tv.com\/le-president-de-la-republique-fait-le-point-sur-les-consequences-des-inondations-et-presente-ses-condoleances-aux-familles-des-victimes\/"},"modified":"2026-01-22T10:09:26","modified_gmt":"2026-01-22T08:09:26","slug":"le-president-de-la-republique-fait-le-point-sur-les-consequences-des-inondations-et-presente-ses-condoleances-aux-familles-des-victimes","status":"publish","type":"post","link":"https:\/\/live-kora-tv.com\/fr\/le-president-de-la-republique-fait-le-point-sur-les-consequences-des-inondations-et-presente-ses-condoleances-aux-familles-des-victimes\/","title":{"rendered":"Le Pr\u00e9sident de la R\u00e9publique fait le point sur les cons\u00e9quences des inondations et pr\u00e9sente ses condol\u00e9ances aux familles des victimes"},"content":{"rendered":"\n<p>Suite aux graves inondations qui ont touch\u00e9 plusieurs r\u00e9gions, le Pr\u00e9sident de la R\u00e9publique Kais Saied a tenu \u00e0 suivre de pr\u00e8s la situation en se rendant hier, mardi 20 janvier 2026, \u00e0 la salle centrale des op\u00e9rations de l&rsquo;Office national de la protection civile.  <\/p>\n\n<p>Le chef de l&rsquo;\u00c9tat a \u00e9t\u00e9 inform\u00e9 de toutes les mesures prises pour faire face \u00e0 la catastrophe et a \u00e9cout\u00e9 les rapports des responsables sur les derniers d\u00e9veloppements sur le terrain et les pr\u00e9visions m\u00e9t\u00e9orologiques pour les prochains jours, selon un communiqu\u00e9 publi\u00e9 par la Pr\u00e9sidence de la R\u00e9publique ce soir.  <\/p>\n\n<p>Le Pr\u00e9sident de la R\u00e9publique s&rsquo;est ensuite rendu dans la ville de Rad\u00e8s pour inspecter l&rsquo;oued Mellian et les zones avoisinantes, puis dans le district de Garmbalia, o\u00f9 il a visit\u00e9 les zones d&rsquo;Ergoub Jadid et de Douar Hilal, avant de se rendre au centre ville de Hammamet pour constater l&rsquo;ampleur des d\u00e9g\u00e2ts et suivre les op\u00e9rations de secours et d&rsquo;assistance.   <\/p>\n\n<p>Le chef de l&rsquo;\u00c9tat s&rsquo;est \u00e9galement rendu \u00e0 Meknine, o\u00f9 il a pr\u00e9sent\u00e9 ses condol\u00e9ances aux familles de plusieurs victimes des inondations, puis \u00e0 Tablba, o\u00f9 il a rencontr\u00e9 les familles des marins impliqu\u00e9s dans le chavirement d&rsquo;un bateau de p\u00eache, donnant des instructions imm\u00e9diates pour intensifier les op\u00e9rations de recherche et mobiliser toutes les ressources disponibles pour secourir les disparus.   <\/p>\n\n<p>Le Pr\u00e9sident de la R\u00e9publique s&rsquo;est rendu mercredi \u00e0 l&rsquo;aube \u00e0 la ville de Nabeul puis \u00e0 la ville de Slimane, assi\u00e9g\u00e9e par les eaux de toutes parts, o\u00f9 il a suivi la situation des citoyens h\u00e9berg\u00e9s dans les centres pr\u00e9vus \u00e0 cet effet, et a salu\u00e9 les grands efforts d\u00e9ploy\u00e9s par les forces militaires et de s\u00e9curit\u00e9 et les agents de la protection civile, ainsi que l&rsquo;esprit de solidarit\u00e9 et de solidarit\u00e9 dont ont fait preuve les citoyens face \u00e0 ces circonstances difficiles.    <\/p>\n\n<p>Ces d\u00e9placements continus sur le terrain s&rsquo;inscrivent dans le cadre de la volont\u00e9 du Pr\u00e9sident de la R\u00e9publique d&rsquo;\u00e9valuer directement l&rsquo;ampleur de la catastrophe, de suivre l&rsquo;\u00e9volution des op\u00e9rations de secours et de sauvetage, et de s&rsquo;assurer que toutes les formes de soutien sont apport\u00e9es aux personnes touch\u00e9es, tout en donnant des instructions strictes pour acc\u00e9l\u00e9rer les interventions de secours et s\u00e9curiser les zones touch\u00e9es.   <\/p>\n","protected":false},"excerpt":{"rendered":"<p>Suite aux graves inondations qui ont touch\u00e9 plusieurs r\u00e9gions, le Pr\u00e9sident de la R\u00e9publique Kais Saied a tenu \u00e0 suivre de pr\u00e8s la situation en se rendant hier, mardi 20 janvier 2026, \u00e0 la salle centrale des op\u00e9rations de l&rsquo;Office national de la protection civile. Le chef de l&rsquo;\u00c9tat a \u00e9t\u00e9 inform\u00e9 de toutes les [&hellip;]<\/p>\n","protected":false},"author":4,"featured_media":13619,"comment_status":"open","ping_status":"open","sticky":false,"template":"","format":"standard","meta":{"footnotes":""},"categories":[68],"tags":[],"class_list":{"0":"post-13621","1":"post","2":"type-post","3":"status-publish","4":"format-standard","5":"has-post-thumbnail","7":"category-communaute"},"_links":{"self":[{"href":"https:\/\/live-kora-tv.com\/fr\/wp-json\/wp\/v2\/posts\/13621","targetHints":{"allow":["GET"]}}],"collection":[{"href":"https:\/\/live-kora-tv.com\/fr\/wp-json\/wp\/v2\/posts"}],"about":[{"href":"https:\/\/live-kora-tv.com\/fr\/wp-json\/wp\/v2\/types\/post"}],"author":[{"embeddable":true,"href":"https:\/\/live-kora-tv.com\/fr\/wp-json\/wp\/v2\/users\/4"}],"replies":[{"embeddable":true,"href":"https:\/\/live-kora-tv.com\/fr\/wp-json\/wp\/v2\/comments?post=13621"}],"version-history":[{"count":1,"href":"https:\/\/live-kora-tv.com\/fr\/wp-json\/wp\/v2\/posts\/13621\/revisions"}],"predecessor-version":[{"id":13622,"href":"https:\/\/live-kora-tv.com\/fr\/wp-json\/wp\/v2\/posts\/13621\/revisions\/13622"}],"wp:featuredmedia":[{"embeddable":true,"href":"https:\/\/live-kora-tv.com\/fr\/wp-json\/wp\/v2\/media\/13619"}],"wp:attachment":[{"href":"https:\/\/live-kora-tv.com\/fr\/wp-json\/wp\/v2\/media?parent=13621"}],"wp:term":[{"taxonomy":"category","embeddable":true,"href":"https:\/\/live-kora-tv.com\/fr\/wp-json\/wp\/v2\/categories?post=13621"},{"taxonomy":"post_tag","embeddable":true,"href":"https:\/\/live-kora-tv.com\/fr\/wp-json\/wp\/v2\/tags?post=13621"}],"curies":[{"name":"wp","href":"https:\/\/api.w.org\/{rel}","templated":true}]}}