{"id":13645,"date":"2026-01-22T14:21:21","date_gmt":"2026-01-22T12:21:21","guid":{"rendered":"https:\/\/live-kora-tv.com\/trump-lance-officiellement-le-conseil-de-paix-pour-gaza\/"},"modified":"2026-01-22T14:21:24","modified_gmt":"2026-01-22T12:21:24","slug":"trump-lance-officiellement-le-conseil-de-paix-pour-gaza","status":"publish","type":"post","link":"https:\/\/live-kora-tv.com\/fr\/trump-lance-officiellement-le-conseil-de-paix-pour-gaza\/","title":{"rendered":"Trump lance officiellement le Conseil de paix pour Gaza"},"content":{"rendered":"\n<p>Le pr\u00e9sident am\u00e9ricain Donald Trump a officiellement annonc\u00e9 jeudi la cr\u00e9ation du Conseil de paix de Gaza, soulignant qu&rsquo;il rassemble un groupe de dirigeants mondiaux et repr\u00e9sente une occasion en or de devenir l&rsquo;une des entit\u00e9s les plus importantes de l&rsquo;histoire moderne.    <\/p>\n\n<p>M. Trump a soulign\u00e9 que les efforts se concentreront sur \u00ab\u00a0la d\u00e9militarisation de Gaza, sa gestion efficace et sa reconstruction\u00a0\u00bb.  <\/p>\n\n<p>La charte a \u00e9t\u00e9 sign\u00e9e lors d&rsquo;une c\u00e9r\u00e9monie sp\u00e9ciale en marge du Forum \u00e9conomique de Davos, en pr\u00e9sence du pr\u00e9sident am\u00e9ricain et d&rsquo;un certain nombre de dirigeants internationaux et de hauts fonctionnaires. <\/p>\n\n<p>M. Trump, qui assumera la pr\u00e9sidence du Conseil, a d\u00e9clar\u00e9 lors de la c\u00e9r\u00e9monie : \u00ab\u00a0Nous avons une occasion historique de mettre fin \u00e0 des d\u00e9cennies de haine et d&rsquo;effusion de sang au Moyen-Orient et dans le monde : \u00ab\u00a0Nous avons une occasion historique de mettre fin \u00e0 des d\u00e9cennies de haine et d&rsquo;effusion de sang au Moyen-Orient et dans le monde entier, c&rsquo;est pourquoi nous travaillerons pour que Gaza soit d\u00e9militaris\u00e9e, bien g\u00e9r\u00e9e et reconstruite.\u00a0\u00bb    <\/p>\n\n<p>Ajout\u00e9 : \u00ab\u00a0Nous avons maintenu un cessez-le-feu \u00e0 Gaza, l&rsquo;aide humanitaire a continu\u00e9 d&rsquo;affluer et le Moyen-Orient a connu une paix que personne n&rsquo;imaginait possible. <\/p>\n\n<p>Le pr\u00e9sident am\u00e9ricain a rappel\u00e9 la participation de 59 pays au processus de paix au Moyen-Orient, soulignant que son administration avait r\u00e9ussi \u00e0 mettre fin \u00e0 huit guerres dans le monde, et qu&rsquo;une autre \u00e9tait sur le point d&rsquo;\u00e9clater.  <\/p>\n","protected":false},"excerpt":{"rendered":"<p>Le pr\u00e9sident am\u00e9ricain Donald Trump a officiellement annonc\u00e9 jeudi la cr\u00e9ation du Conseil de paix de Gaza, soulignant qu&rsquo;il rassemble un groupe de dirigeants mondiaux et repr\u00e9sente une occasion en or de devenir l&rsquo;une des entit\u00e9s les plus importantes de l&rsquo;histoire moderne. M. Trump a soulign\u00e9 que les efforts se concentreront sur \u00ab\u00a0la d\u00e9militarisation de [&hellip;]<\/p>\n","protected":false},"author":4,"featured_media":13643,"comment_status":"open","ping_status":"open","sticky":false,"template":"","format":"standard","meta":{"footnotes":""},"categories":[69],"tags":[],"class_list":{"0":"post-13645","1":"post","2":"type-post","3":"status-publish","4":"format-standard","5":"has-post-thumbnail","7":"category-nouvelles-du-monde"},"_links":{"self":[{"href":"https:\/\/live-kora-tv.com\/fr\/wp-json\/wp\/v2\/posts\/13645","targetHints":{"allow":["GET"]}}],"collection":[{"href":"https:\/\/live-kora-tv.com\/fr\/wp-json\/wp\/v2\/posts"}],"about":[{"href":"https:\/\/live-kora-tv.com\/fr\/wp-json\/wp\/v2\/types\/post"}],"author":[{"embeddable":true,"href":"https:\/\/live-kora-tv.com\/fr\/wp-json\/wp\/v2\/users\/4"}],"replies":[{"embeddable":true,"href":"https:\/\/live-kora-tv.com\/fr\/wp-json\/wp\/v2\/comments?post=13645"}],"version-history":[{"count":1,"href":"https:\/\/live-kora-tv.com\/fr\/wp-json\/wp\/v2\/posts\/13645\/revisions"}],"predecessor-version":[{"id":13646,"href":"https:\/\/live-kora-tv.com\/fr\/wp-json\/wp\/v2\/posts\/13645\/revisions\/13646"}],"wp:featuredmedia":[{"embeddable":true,"href":"https:\/\/live-kora-tv.com\/fr\/wp-json\/wp\/v2\/media\/13643"}],"wp:attachment":[{"href":"https:\/\/live-kora-tv.com\/fr\/wp-json\/wp\/v2\/media?parent=13645"}],"wp:term":[{"taxonomy":"category","embeddable":true,"href":"https:\/\/live-kora-tv.com\/fr\/wp-json\/wp\/v2\/categories?post=13645"},{"taxonomy":"post_tag","embeddable":true,"href":"https:\/\/live-kora-tv.com\/fr\/wp-json\/wp\/v2\/tags?post=13645"}],"curies":[{"name":"wp","href":"https:\/\/api.w.org\/{rel}","templated":true}]}}