{"id":13663,"date":"2026-01-23T10:25:15","date_gmt":"2026-01-23T08:25:15","guid":{"rendered":"https:\/\/live-kora-tv.com\/les-etats-unis-se-retirent-officiellement-de-lorganisation-mondiale-de-la-sante\/"},"modified":"2026-01-23T10:25:18","modified_gmt":"2026-01-23T08:25:18","slug":"les-etats-unis-se-retirent-officiellement-de-lorganisation-mondiale-de-la-sante","status":"publish","type":"post","link":"https:\/\/live-kora-tv.com\/fr\/les-etats-unis-se-retirent-officiellement-de-lorganisation-mondiale-de-la-sante\/","title":{"rendered":"Les \u00c9tats-Unis se retirent officiellement de l&rsquo;Organisation mondiale de la sant\u00e9"},"content":{"rendered":"\n<p>Les \u00c9tats-Unis ont annonc\u00e9 jeudi leur retrait officiel de l&rsquo;Organisation mondiale de la sant\u00e9 (OMS), une d\u00e9cision qui a suscit\u00e9 une controverse internationale, malgr\u00e9 les avertissements r\u00e9p\u00e9t\u00e9s depuis un an selon lesquels cette d\u00e9cision pourrait nuire aux efforts de sant\u00e9 publique dans le pays et \u00e0 l&rsquo;\u00e9tranger.  <\/p>\n\n<p>Cette d\u00e9cision s&rsquo;inscrit dans le droit fil d&rsquo;un d\u00e9cret pris par le pr\u00e9sident Donald Trump le premier jour de sa pr\u00e9sidence en 2025, annon\u00e7ant le retrait de son pays de l&rsquo;organisation onusienne, citant ce qu&rsquo;il a d\u00e9crit comme ses \u00ab\u00a0\u00e9checs\u00a0\u00bb dans la gestion de la crise de la pand\u00e9mie de COVID-19.  <\/p>\n\n<p>Une d\u00e9claration commune des minist\u00e8res am\u00e9ricains de la sant\u00e9 et des affaires \u00e9trang\u00e8res explique que l&rsquo;engagement aupr\u00e8s de l&rsquo;organisation sera tr\u00e8s limit\u00e9 pendant la p\u00e9riode de transition n\u00e9cessaire \u00e0 la mise en \u0153uvre du retrait, soulignant qu'\u00a0\u00bbil n&rsquo;est pas pr\u00e9vu de participer en tant qu&rsquo;observateur et qu&rsquo;il n&rsquo;est pas pr\u00e9vu de revenir \u00e0 l&rsquo;avenir\u00a0\u00bb.  <\/p>\n\n<p>Un haut fonctionnaire de l&rsquo;administration am\u00e9ricaine charg\u00e9 de la sant\u00e9 a d\u00e9clar\u00e9 : \u00ab\u00a0Nous n&rsquo;avons pas l&rsquo;intention de participer en tant qu&rsquo;observateur : \u00ab\u00a0Nous n&rsquo;avons pas l&rsquo;intention de participer en tant qu&rsquo;observateurs, ni de nous joindre \u00e0 eux\u00a0\u00bb.  <\/p>\n\n<p>Washington a confirm\u00e9 qu&rsquo;\u00e0 l&rsquo;avenir, il s&rsquo;appuierait sur une coop\u00e9ration bilat\u00e9rale directe avec d&rsquo;autres pays pour surveiller les maladies et traiter les priorit\u00e9s de sant\u00e9 publique, plut\u00f4t que de s&rsquo;appuyer sur le cadre d&rsquo;une organisation internationale. <\/p>\n\n<p>Selon la loi am\u00e9ricaine, les \u00c9tats-Unis sont tenus d&rsquo;informer l&rsquo;organisation de leur retrait un an \u00e0 l&rsquo;avance et de payer toutes les sommes dues, estim\u00e9es \u00e0 environ 260 millions de dollars. Toutefois, un fonctionnaire du d\u00e9partement d&rsquo;\u00c9tat a ni\u00e9 l&rsquo;existence d&rsquo;une obligation l\u00e9gale d&rsquo;effectuer des paiements avant le retrait effectif.   <\/p>\n\n<p>Le si\u00e8ge de l&rsquo;Organisation mondiale de la sant\u00e9 (OMS) \u00e0 Gen\u00e8ve a vu jeudi le drapeau am\u00e9ricain retir\u00e9 de la fa\u00e7ade du b\u00e2timent, dans une sc\u00e8ne symbolique qui a suscit\u00e9 de nombreuses r\u00e9actions sur les m\u00e9dias sociaux.   <\/p>\n\n<p>Ce retrait s&rsquo;inscrit dans une s\u00e9rie de d\u00e9cisions prises par l&rsquo;administration Trump ces derni\u00e8res semaines, notamment le retrait d&rsquo;autres organisations de l&rsquo;ONU, ce qui fait craindre \u00e0 certains observateurs que l&rsquo;initiative \u00ab\u00a0Conseil de la paix\u00a0\u00bb r\u00e9cemment lanc\u00e9e par le pr\u00e9sident am\u00e9ricain ne contribue \u00e0 affaiblir le r\u00f4le de l&rsquo;ONU dans son ensemble.  <\/p>\n\n<p>Cette d\u00e9cision a \u00e9t\u00e9 vivement critiqu\u00e9e par les organisations internationales de sant\u00e9 et les pays europ\u00e9ens, qui y voient une menace pour les efforts conjoints d\u00e9ploy\u00e9s \u00e0 l&rsquo;\u00e9chelle mondiale pour faire face aux futures pand\u00e9mies et crises sanitaires. <\/p>\n","protected":false},"excerpt":{"rendered":"<p>Les \u00c9tats-Unis ont annonc\u00e9 jeudi leur retrait officiel de l&rsquo;Organisation mondiale de la sant\u00e9 (OMS), une d\u00e9cision qui a suscit\u00e9 une controverse internationale, malgr\u00e9 les avertissements r\u00e9p\u00e9t\u00e9s depuis un an selon lesquels cette d\u00e9cision pourrait nuire aux efforts de sant\u00e9 publique dans le pays et \u00e0 l&rsquo;\u00e9tranger. Cette d\u00e9cision s&rsquo;inscrit dans le droit fil d&rsquo;un [&hellip;]<\/p>\n","protected":false},"author":4,"featured_media":13661,"comment_status":"open","ping_status":"open","sticky":false,"template":"","format":"standard","meta":{"footnotes":""},"categories":[26],"tags":[],"class_list":{"0":"post-13663","1":"post","2":"type-post","3":"status-publish","4":"format-standard","5":"has-post-thumbnail","7":"category-sante"},"_links":{"self":[{"href":"https:\/\/live-kora-tv.com\/fr\/wp-json\/wp\/v2\/posts\/13663","targetHints":{"allow":["GET"]}}],"collection":[{"href":"https:\/\/live-kora-tv.com\/fr\/wp-json\/wp\/v2\/posts"}],"about":[{"href":"https:\/\/live-kora-tv.com\/fr\/wp-json\/wp\/v2\/types\/post"}],"author":[{"embeddable":true,"href":"https:\/\/live-kora-tv.com\/fr\/wp-json\/wp\/v2\/users\/4"}],"replies":[{"embeddable":true,"href":"https:\/\/live-kora-tv.com\/fr\/wp-json\/wp\/v2\/comments?post=13663"}],"version-history":[{"count":1,"href":"https:\/\/live-kora-tv.com\/fr\/wp-json\/wp\/v2\/posts\/13663\/revisions"}],"predecessor-version":[{"id":13664,"href":"https:\/\/live-kora-tv.com\/fr\/wp-json\/wp\/v2\/posts\/13663\/revisions\/13664"}],"wp:featuredmedia":[{"embeddable":true,"href":"https:\/\/live-kora-tv.com\/fr\/wp-json\/wp\/v2\/media\/13661"}],"wp:attachment":[{"href":"https:\/\/live-kora-tv.com\/fr\/wp-json\/wp\/v2\/media?parent=13663"}],"wp:term":[{"taxonomy":"category","embeddable":true,"href":"https:\/\/live-kora-tv.com\/fr\/wp-json\/wp\/v2\/categories?post=13663"},{"taxonomy":"post_tag","embeddable":true,"href":"https:\/\/live-kora-tv.com\/fr\/wp-json\/wp\/v2\/tags?post=13663"}],"curies":[{"name":"wp","href":"https:\/\/api.w.org\/{rel}","templated":true}]}}