{"id":1368,"date":"2024-12-16T16:07:00","date_gmt":"2024-12-16T15:07:00","guid":{"rendered":"https:\/\/live-kora-tv.com\/?p=1368"},"modified":"2024-12-16T16:07:02","modified_gmt":"2024-12-16T15:07:02","slug":"10e-edition-des-jcc-dans-les-prisons-coup-denvoi-a-borj-el-roumi","status":"publish","type":"post","link":"https:\/\/live-kora-tv.com\/fr\/10e-edition-des-jcc-dans-les-prisons-coup-denvoi-a-borj-el-roumi\/","title":{"rendered":"10e \u00e9dition des JCC dans les prisons : Coup d\u2019envoi \u00e0 Borj El Roumi"},"content":{"rendered":"\n<p>Dimanche, la prison civile de Borj El Roumi a accueilli la c\u00e9r\u00e9monie d\u2019ouverture de la 10e \u00e9dition des Journ\u00e9es Cin\u00e9matographiques de Carthage (JCC) dans les prisons. Cet \u00e9v\u00e9nement s\u2019est tenu en pr\u00e9sence de Henda Testouri, directrice g\u00e9n\u00e9rale des affaires des d\u00e9tenus au sein du Comit\u00e9 G\u00e9n\u00e9ral des Prisons et de la R\u00e9\u00e9ducation (CGPR), ainsi que de Lamia Belgaied Guiga, directrice g\u00e9n\u00e9rale du Centre national du cin\u00e9ma et de l\u2019image. Plusieurs hauts fonctionnaires du minist\u00e8re des Affaires culturelles et de la Direction g\u00e9n\u00e9rale des prisons et de la r\u00e9\u00e9ducation \u00e9taient \u00e9galement pr\u00e9sents.<\/p>\n\n\n\n<h4 class=\"wp-block-heading\">Projection et d\u00e9bat autour de \u00ab\u00a0Farha\u00a0\u00bb<\/h4>\n\n\n\n<p>Le programme de cette \u00e9dition a d\u00e9but\u00e9 par la projection du long m\u00e9trage <strong>\u00ab Farha \u00bb<\/strong>, r\u00e9alis\u00e9 par la cin\u00e9aste jordanienne Darin Sallam. Ce film a \u00e9t\u00e9 pr\u00e9sent\u00e9 \u00e0 un groupe de d\u00e9tenus de la prison de Borj El Roumi, en pr\u00e9sence de la r\u00e9alisatrice et de la productrice. Un d\u00e9bat riche et interactif a suivi cette projection, abordant les th\u00e9matiques centrales du film.<\/p>\n\n\n\n<h4 class=\"wp-block-heading\">Un programme vari\u00e9 pour une \u00e9dition itin\u00e9rante<\/h4>\n\n\n\n<p>Les festivit\u00e9s des 10e JCC se poursuivront dans plusieurs \u00e9tablissements p\u00e9nitentiaires \u00e0 travers le pays, notamment \u00e0 Sers, Monastir, Gab\u00e8s, Sfax et Nabeul. Neuf films, originaires de Tunisie, Jordanie, Palestine et Alg\u00e9rie, seront projet\u00e9s \u00e0 cette occasion. La s\u00e9lection comprend :<\/p>\n\n\n\n<ul class=\"wp-block-list\">\n<li><strong>4 longs m\u00e9trages de fiction<\/strong><\/li>\n\n\n\n<li><strong>1 long m\u00e9trage documentaire<\/strong><\/li>\n\n\n\n<li><strong>1 film d\u2019animation<\/strong><\/li>\n\n\n\n<li><strong>2 courts m\u00e9trages de fiction<\/strong><\/li>\n\n\n\n<li><strong>1 court m\u00e9trage documentaire<\/strong><\/li>\n<\/ul>\n\n\n\n<p>Une attention particuli\u00e8re sera accord\u00e9e aux enfants d\u00e9tenus dans les centres de r\u00e9\u00e9ducation, avec une projection sp\u00e9cialement d\u00e9di\u00e9e qui aura lieu \u00e0 la Cit\u00e9 de la Culture Chedli Klibi.<\/p>\n\n\n\n<h4 class=\"wp-block-heading\">Un engagement culturel pour la r\u00e9insertion<\/h4>\n\n\n\n<p>Le CGPR a soulign\u00e9 que cette initiative refl\u00e8te l\u2019engagement du minist\u00e8re de la Justice \u00e0 promouvoir le droit des d\u00e9tenus \u00e0 acc\u00e9der \u00e0 des activit\u00e9s culturelles. L\u2019objectif est d\u2019enrichir les programmes culturels en milieu carc\u00e9ral, contribuant ainsi \u00e0 la r\u00e9insertion sociale des d\u00e9tenus et au changement de leurs comportements. Cette d\u00e9marche vise \u00e9galement \u00e0 renforcer leur lien avec la soci\u00e9t\u00e9 gr\u00e2ce \u00e0 des exp\u00e9riences artistiques enrichissantes.<\/p>\n","protected":false},"excerpt":{"rendered":"<p>Dimanche, la prison civile de Borj El Roumi a accueilli la c\u00e9r\u00e9monie d\u2019ouverture de la 10e \u00e9dition des Journ\u00e9es Cin\u00e9matographiques de Carthage (JCC) dans les prisons. Cet \u00e9v\u00e9nement s\u2019est tenu en pr\u00e9sence de Henda Testouri, directrice g\u00e9n\u00e9rale des affaires des d\u00e9tenus au sein du Comit\u00e9 G\u00e9n\u00e9ral des Prisons et de la R\u00e9\u00e9ducation (CGPR), ainsi que [&hellip;]<\/p>\n","protected":false},"author":1,"featured_media":1369,"comment_status":"open","ping_status":"open","sticky":false,"template":"","format":"standard","meta":{"footnotes":""},"categories":[23],"tags":[],"class_list":{"0":"post-1368","1":"post","2":"type-post","3":"status-publish","4":"format-standard","5":"has-post-thumbnail","7":"category-culture-et-societe"},"_links":{"self":[{"href":"https:\/\/live-kora-tv.com\/fr\/wp-json\/wp\/v2\/posts\/1368","targetHints":{"allow":["GET"]}}],"collection":[{"href":"https:\/\/live-kora-tv.com\/fr\/wp-json\/wp\/v2\/posts"}],"about":[{"href":"https:\/\/live-kora-tv.com\/fr\/wp-json\/wp\/v2\/types\/post"}],"author":[{"embeddable":true,"href":"https:\/\/live-kora-tv.com\/fr\/wp-json\/wp\/v2\/users\/1"}],"replies":[{"embeddable":true,"href":"https:\/\/live-kora-tv.com\/fr\/wp-json\/wp\/v2\/comments?post=1368"}],"version-history":[{"count":1,"href":"https:\/\/live-kora-tv.com\/fr\/wp-json\/wp\/v2\/posts\/1368\/revisions"}],"predecessor-version":[{"id":1371,"href":"https:\/\/live-kora-tv.com\/fr\/wp-json\/wp\/v2\/posts\/1368\/revisions\/1371"}],"wp:featuredmedia":[{"embeddable":true,"href":"https:\/\/live-kora-tv.com\/fr\/wp-json\/wp\/v2\/media\/1369"}],"wp:attachment":[{"href":"https:\/\/live-kora-tv.com\/fr\/wp-json\/wp\/v2\/media?parent=1368"}],"wp:term":[{"taxonomy":"category","embeddable":true,"href":"https:\/\/live-kora-tv.com\/fr\/wp-json\/wp\/v2\/categories?post=1368"},{"taxonomy":"post_tag","embeddable":true,"href":"https:\/\/live-kora-tv.com\/fr\/wp-json\/wp\/v2\/tags?post=1368"}],"curies":[{"name":"wp","href":"https:\/\/api.w.org\/{rel}","templated":true}]}}