{"id":13703,"date":"2026-01-23T13:57:52","date_gmt":"2026-01-23T11:57:52","guid":{"rendered":"https:\/\/live-kora-tv.com\/la-tunisie-lance-le-projet-solaire-elmd-de-400-mw-une-etape-importante-vers-lexportation-denergie-vers-leurope\/"},"modified":"2026-01-23T13:57:54","modified_gmt":"2026-01-23T11:57:54","slug":"la-tunisie-lance-le-projet-solaire-elmd-de-400-mw-une-etape-importante-vers-lexportation-denergie-vers-leurope","status":"publish","type":"post","link":"https:\/\/live-kora-tv.com\/fr\/la-tunisie-lance-le-projet-solaire-elmd-de-400-mw-une-etape-importante-vers-lexportation-denergie-vers-leurope\/","title":{"rendered":"La Tunisie lance le projet solaire Elmd de 400 MW : Une \u00e9tape importante vers l&rsquo;exportation d&rsquo;\u00e9nergie vers l&rsquo;Europe"},"content":{"rendered":"\n<p>Les autorit\u00e9s tunisiennes ont officiellement annonc\u00e9 le d\u00e9but des travaux du m\u00e9gaprojet solaire Elmed, l&rsquo;un des principaux piliers de la strat\u00e9gie nationale de transition \u00e9nerg\u00e9tique, avec une capacit\u00e9 de production pouvant atteindre 400 m\u00e9gawatts dans sa premi\u00e8re phase.  <\/p>\n\n<p>Ce projet constitue un \u00e9l\u00e9ment essentiel du programme d&rsquo;interconnexion \u00e9lectrique Tunisie-Italie via le c\u00e2ble sous-marin ELMD et vise \u00e0 atteindre deux objectifs strat\u00e9giques principaux : exporter une partie de l&rsquo;\u00e9nergie renouvelable produite localement vers le march\u00e9 europ\u00e9en et renforcer la s\u00e9curit\u00e9 \u00e9nerg\u00e9tique nationale en r\u00e9duisant la d\u00e9pendance \u00e0 l&rsquo;\u00e9gard des importations de gaz naturel : L&rsquo;exportation d&rsquo;une partie de l&rsquo;\u00e9nergie renouvelable produite localement vers le march\u00e9 europ\u00e9en et le renforcement de la s\u00e9curit\u00e9 \u00e9nerg\u00e9tique nationale en r\u00e9duisant la d\u00e9pendance \u00e0 l&rsquo;\u00e9gard des importations de gaz naturel.   <\/p>\n\n<h3 class=\"wp-block-heading\">D\u00e9tails du projet et objectifs cl\u00e9s<\/h3>\n\n<p>Le projet est mis en \u0153uvre en deux phases cons\u00e9cutives et devrait permettre d&rsquo;atteindre une s\u00e9rie d&rsquo;objectifs strat\u00e9giques importants, notamment :  <\/p>\n\n<ul class=\"wp-block-list\">\n<li>Augmenter la part des \u00e9nergies renouvelables dans le syst\u00e8me \u00e9lectrique tunisien \u00e0 des niveaux avanc\u00e9s, conform\u00e9ment \u00e0 l&rsquo;objectif national de 35 % d&rsquo;ici \u00e0 2030. <\/li>\n\n\n\n<li>Fournir de l&rsquo;\u00e9lectricit\u00e9 propre et \u00e0 faible co\u00fbt, ce qui contribue \u00e0 r\u00e9duire la facture \u00e9nerg\u00e9tique nationale et \u00e0 minimiser la pression sur la balance commerciale. <\/li>\n\n\n\n<li>Cr\u00e9er des emplois directs et indirects pendant les phases de construction, d&rsquo;exploitation et de maintenance, en mettant l&rsquo;accent sur le d\u00e9veloppement des comp\u00e9tences locales dans le domaine de l&rsquo;\u00e9nergie solaire. <\/li>\n\n\n\n<li>Renforcer la position de la Tunisie en tant que centre r\u00e9gional de premier plan pour la production et l&rsquo;exportation d&rsquo;\u00e9nergie verte vers l&rsquo;Europe, en ouvrant de larges horizons pour les partenariats internationaux. <\/li>\n<\/ul>\n\n<p>Le projet repr\u00e9sente un mod\u00e8le r\u00e9ussi de partenariat public-priv\u00e9, associant un financement international \u00e0 une expertise locale et \u00e9trang\u00e8re dans le domaine de l&rsquo;\u00e9nergie solaire \u00e0 grande \u00e9chelle. <\/p>\n\n<h3 class=\"wp-block-heading\">Contexte r\u00e9gional et international du projet<\/h3>\n\n<p>Le projet ELMD s&rsquo;inscrit dans le contexte des efforts d\u00e9ploy\u00e9s par l&rsquo;Europe pour diversifier ses sources d&rsquo;\u00e9nergie et r\u00e9duire sa d\u00e9pendance \u00e0 l&rsquo;\u00e9gard du gaz russe, notamment \u00e0 la suite de la crise ukrainienne, qui a mis en \u00e9vidence la fragilit\u00e9 des cha\u00eenes d&rsquo;approvisionnement traditionnelles. Le c\u00e2ble sous-marin reliant la Tunisie \u00e0 l&rsquo;Italie (d&rsquo;une longueur d&rsquo;environ 220 kilom\u00e8tres et d&rsquo;une profondeur de 800 m\u00e8tres) est l&rsquo;un des projets d&rsquo;interconnexion \u00e9lectrique les plus importants de la r\u00e9gion m\u00e9diterran\u00e9enne.  <\/p>\n\n<p>Le projet devrait permettre d&rsquo;exporter jusqu&rsquo;\u00e0 600 MW d&rsquo;\u00e9lectricit\u00e9 renouvelable vers l&rsquo;Europe dans un premier temps, avec la possibilit\u00e9 d&rsquo;augmenter la capacit\u00e9 \u00e0 l&rsquo;avenir jusqu&rsquo;\u00e0 un gigawatt ou plus, en fonction de l&rsquo;\u00e9volution de la demande europ\u00e9enne et des capacit\u00e9s de production en Tunisie.  <\/p>\n\n<h3 class=\"wp-block-heading\">Perspectives d&rsquo;avenir<\/h3>\n\n<p>Le lancement du projet solaire ELMD marque un bond en avant sur la voie de la r\u00e9alisation des objectifs de la Tunisie en mati\u00e8re d&rsquo;\u00e9nergie durable et renforce son attrait en tant que destination d&rsquo;investissement dans le domaine de l&rsquo;\u00e9nergie verte. Il contribue \u00e9galement \u00e0 la construction d&rsquo;un mod\u00e8le r\u00e9gional dont les pays voisins peuvent b\u00e9n\u00e9ficier, en exploitant l&rsquo;\u00e9norme potentiel solaire pour le d\u00e9veloppement \u00e9conomique et environnemental, et en renfor\u00e7ant la s\u00e9curit\u00e9 \u00e9nerg\u00e9tique aux niveaux national et r\u00e9gional.    <\/p>\n","protected":false},"excerpt":{"rendered":"<p>Les autorit\u00e9s tunisiennes ont officiellement annonc\u00e9 le d\u00e9but des travaux du m\u00e9gaprojet solaire Elmed, l&rsquo;un des principaux piliers de la strat\u00e9gie nationale de transition \u00e9nerg\u00e9tique, avec une capacit\u00e9 de production pouvant atteindre 400 m\u00e9gawatts dans sa premi\u00e8re phase. Ce projet constitue un \u00e9l\u00e9ment essentiel du programme d&rsquo;interconnexion \u00e9lectrique Tunisie-Italie via le c\u00e2ble sous-marin ELMD et [&hellip;]<\/p>\n","protected":false},"author":4,"featured_media":13673,"comment_status":"open","ping_status":"open","sticky":false,"template":"","format":"standard","meta":{"footnotes":""},"categories":[24],"tags":[],"class_list":{"0":"post-13703","1":"post","2":"type-post","3":"status-publish","4":"format-standard","5":"has-post-thumbnail","7":"category-economie-et-affaires"},"_links":{"self":[{"href":"https:\/\/live-kora-tv.com\/fr\/wp-json\/wp\/v2\/posts\/13703","targetHints":{"allow":["GET"]}}],"collection":[{"href":"https:\/\/live-kora-tv.com\/fr\/wp-json\/wp\/v2\/posts"}],"about":[{"href":"https:\/\/live-kora-tv.com\/fr\/wp-json\/wp\/v2\/types\/post"}],"author":[{"embeddable":true,"href":"https:\/\/live-kora-tv.com\/fr\/wp-json\/wp\/v2\/users\/4"}],"replies":[{"embeddable":true,"href":"https:\/\/live-kora-tv.com\/fr\/wp-json\/wp\/v2\/comments?post=13703"}],"version-history":[{"count":1,"href":"https:\/\/live-kora-tv.com\/fr\/wp-json\/wp\/v2\/posts\/13703\/revisions"}],"predecessor-version":[{"id":13704,"href":"https:\/\/live-kora-tv.com\/fr\/wp-json\/wp\/v2\/posts\/13703\/revisions\/13704"}],"wp:featuredmedia":[{"embeddable":true,"href":"https:\/\/live-kora-tv.com\/fr\/wp-json\/wp\/v2\/media\/13673"}],"wp:attachment":[{"href":"https:\/\/live-kora-tv.com\/fr\/wp-json\/wp\/v2\/media?parent=13703"}],"wp:term":[{"taxonomy":"category","embeddable":true,"href":"https:\/\/live-kora-tv.com\/fr\/wp-json\/wp\/v2\/categories?post=13703"},{"taxonomy":"post_tag","embeddable":true,"href":"https:\/\/live-kora-tv.com\/fr\/wp-json\/wp\/v2\/tags?post=13703"}],"curies":[{"name":"wp","href":"https:\/\/api.w.org\/{rel}","templated":true}]}}