{"id":13717,"date":"2026-01-23T17:12:03","date_gmt":"2026-01-23T15:12:03","guid":{"rendered":"https:\/\/live-kora-tv.com\/davos-2026-la-tunisie-a-la-recherche-de-coentreprises-et-de-nouveaux-investissements-etrangers\/"},"modified":"2026-01-23T17:12:06","modified_gmt":"2026-01-23T15:12:06","slug":"davos-2026-la-tunisie-a-la-recherche-de-coentreprises-et-de-nouveaux-investissements-etrangers","status":"publish","type":"post","link":"https:\/\/live-kora-tv.com\/fr\/davos-2026-la-tunisie-a-la-recherche-de-coentreprises-et-de-nouveaux-investissements-etrangers\/","title":{"rendered":"Davos 2026 : La Tunisie \u00e0 la recherche de coentreprises et de nouveaux investissements \u00e9trangers"},"content":{"rendered":"\n<p>La d\u00e9l\u00e9gation tunisienne de haut niveau poursuit sa participation au Forum \u00e9conomique mondial de Davos, en concentrant ses efforts sur l&rsquo;attraction de nouveaux investissements \u00e9trangers et l&rsquo;\u00e9tablissement de partenariats strat\u00e9giques conjoints dans des secteurs vitaux. <\/p>\n\n<p>Outre le ministre de l&rsquo;\u00e9conomie et du plan, la d\u00e9l\u00e9gation comprend des responsables de l&rsquo;investissement, de l&rsquo;industrie et de l&rsquo;\u00e9nergie, des repr\u00e9sentants du secteur priv\u00e9 et de l&rsquo;Agence tunisienne de promotion des investissements \u00e9trangers (FIPA), dans le but de pr\u00e9senter une image moderne et positive des opportunit\u00e9s offertes par la Tunisie.    <\/p>\n\n<h3 class=\"wp-block-heading\">Les secteurs cl\u00e9s au centre des n\u00e9gociations<\/h3>\n\n<p>Les r\u00e9unions bilat\u00e9rales et multilat\u00e9rales se concentrent sur plusieurs axes strat\u00e9giques, notamment : <\/p>\n\n<ul class=\"wp-block-list\">\n<li>\u00c9nergies renouvelables et transition \u00e9nerg\u00e9tique, avec un accent sur les projets d&rsquo;\u00e9nergie solaire et d&rsquo;hydrog\u00e8ne vert. <\/li>\n\n\n\n<li>Fabrication et fabrication intelligente, y compris la fabrication de composants pour les v\u00e9hicules \u00e9lectriques et l&rsquo;\u00e9lectronique. <\/li>\n\n\n\n<li>L&rsquo;\u00e9conomie num\u00e9rique et les technologies \u00e9mergentes, en particulier l&rsquo;intelligence artificielle et la cybers\u00e9curit\u00e9. <\/li>\n\n\n\n<li>Tourisme durable et logistique, en capitalisant sur la position g\u00e9ographique unique de la Tunisie en tant que porte d&rsquo;entr\u00e9e entre l&rsquo;Europe et l&rsquo;Afrique. <\/li>\n<\/ul>\n\n<h3 class=\"wp-block-heading\">Messages de la Tunisie \u00e0 Davos<\/h3>\n\n<p>Lors des sessions du forum et des rencontres avec des repr\u00e9sentants d&rsquo;entreprises internationales et d&rsquo;institutions financi\u00e8res internationales, le ministre a soulign\u00e9 que la Tunisie traverse une transition positive, caract\u00e9ris\u00e9e par une relative stabilit\u00e9 des indicateurs macro\u00e9conomiques, une am\u00e9lioration du taux de change et une baisse significative du taux d&rsquo;inflation.   <\/p>\n\n<p>Il a not\u00e9 qu&rsquo;au cours de l&rsquo;ann\u00e9e \u00e9coul\u00e9e, le gouvernement a adopt\u00e9 une s\u00e9rie de r\u00e9formes structurelles, notamment : <\/p>\n\n<ul class=\"wp-block-list\">\n<li>Simplifier les proc\u00e9dures administratives pour la cr\u00e9ation d&rsquo;entreprises.<\/li>\n\n\n\n<li>Optimiser les incitations fiscales et douani\u00e8res pour les projets d&rsquo;investissement.<\/li>\n\n\n\n<li>Lancer de nouvelles lois pour encourager les investissements dans les \u00e9nergies renouvelables et l&rsquo;\u00e9conomie verte.<\/li>\n\n\n\n<li>Promouvoir la transparence et lutter contre la corruption dans le secteur public.<\/li>\n<\/ul>\n\n<h3 class=\"wp-block-heading\">Attendez-vous \u00e0 des annonces et \u00e0 des protocoles d&rsquo;accord<\/h3>\n\n<p>Dans les prochains jours, les r\u00e9unions devraient aboutir \u00e0 l&rsquo;annonce d&rsquo;un certain nombre de protocoles d&rsquo;accord ou d&rsquo;accords-cadres, notamment dans le domaine de l&rsquo;\u00e9nergie verte, des produits pharmaceutiques et de la technologie num\u00e9rique. La d\u00e9l\u00e9gation se concentre \u00e9galement sur l&rsquo;attraction d&rsquo;investissements en provenance des pays du Golfe, de l&rsquo;Europe et des Etats-Unis, tout en soulignant que la Tunisie est devenue une destination privil\u00e9gi\u00e9e pour les entreprises souhaitant b\u00e9n\u00e9ficier de l&rsquo;accord de libre-\u00e9change avec l&rsquo;Union europ\u00e9enne et s&rsquo;int\u00e9grer au march\u00e9 africain \u00e0 travers la Zone de libre-\u00e9change continentale (ZLECAf).    <\/p>\n\n<p>La participation de la Tunisie \u00e0 Davos 2026 est une occasion en or de redorer le blason du pays en tant que destination d&rsquo;investissement s\u00fbre et lucrative, surtout apr\u00e8s l&rsquo;am\u00e9lioration progressive du climat \u00e9conomique et politique au cours de la p\u00e9riode r\u00e9cente. <\/p>\n","protected":false},"excerpt":{"rendered":"<p>La d\u00e9l\u00e9gation tunisienne de haut niveau poursuit sa participation au Forum \u00e9conomique mondial de Davos, en concentrant ses efforts sur l&rsquo;attraction de nouveaux investissements \u00e9trangers et l&rsquo;\u00e9tablissement de partenariats strat\u00e9giques conjoints dans des secteurs vitaux. Outre le ministre de l&rsquo;\u00e9conomie et du plan, la d\u00e9l\u00e9gation comprend des responsables de l&rsquo;investissement, de l&rsquo;industrie et de l&rsquo;\u00e9nergie, [&hellip;]<\/p>\n","protected":false},"author":4,"featured_media":13711,"comment_status":"open","ping_status":"open","sticky":false,"template":"","format":"standard","meta":{"footnotes":""},"categories":[24],"tags":[],"class_list":{"0":"post-13717","1":"post","2":"type-post","3":"status-publish","4":"format-standard","5":"has-post-thumbnail","7":"category-economie-et-affaires"},"_links":{"self":[{"href":"https:\/\/live-kora-tv.com\/fr\/wp-json\/wp\/v2\/posts\/13717","targetHints":{"allow":["GET"]}}],"collection":[{"href":"https:\/\/live-kora-tv.com\/fr\/wp-json\/wp\/v2\/posts"}],"about":[{"href":"https:\/\/live-kora-tv.com\/fr\/wp-json\/wp\/v2\/types\/post"}],"author":[{"embeddable":true,"href":"https:\/\/live-kora-tv.com\/fr\/wp-json\/wp\/v2\/users\/4"}],"replies":[{"embeddable":true,"href":"https:\/\/live-kora-tv.com\/fr\/wp-json\/wp\/v2\/comments?post=13717"}],"version-history":[{"count":1,"href":"https:\/\/live-kora-tv.com\/fr\/wp-json\/wp\/v2\/posts\/13717\/revisions"}],"predecessor-version":[{"id":13718,"href":"https:\/\/live-kora-tv.com\/fr\/wp-json\/wp\/v2\/posts\/13717\/revisions\/13718"}],"wp:featuredmedia":[{"embeddable":true,"href":"https:\/\/live-kora-tv.com\/fr\/wp-json\/wp\/v2\/media\/13711"}],"wp:attachment":[{"href":"https:\/\/live-kora-tv.com\/fr\/wp-json\/wp\/v2\/media?parent=13717"}],"wp:term":[{"taxonomy":"category","embeddable":true,"href":"https:\/\/live-kora-tv.com\/fr\/wp-json\/wp\/v2\/categories?post=13717"},{"taxonomy":"post_tag","embeddable":true,"href":"https:\/\/live-kora-tv.com\/fr\/wp-json\/wp\/v2\/tags?post=13717"}],"curies":[{"name":"wp","href":"https:\/\/api.w.org\/{rel}","templated":true}]}}