{"id":13725,"date":"2026-01-25T16:21:37","date_gmt":"2026-01-25T14:21:37","guid":{"rendered":"https:\/\/live-kora-tv.com\/samsung-revele-la-date-officielle-de-lancement-de-la-serie-galaxy-s26-25-fevrier-2026\/"},"modified":"2026-01-25T16:21:39","modified_gmt":"2026-01-25T14:21:39","slug":"samsung-revele-la-date-officielle-de-lancement-de-la-serie-galaxy-s26-25-fevrier-2026","status":"publish","type":"post","link":"https:\/\/live-kora-tv.com\/fr\/samsung-revele-la-date-officielle-de-lancement-de-la-serie-galaxy-s26-25-fevrier-2026\/","title":{"rendered":"Samsung r\u00e9v\u00e8le la date officielle de lancement de la s\u00e9rie Galaxy S26 : 25 f\u00e9vrier 2026"},"content":{"rendered":"\n<p>La source fiable Ice Universe a r\u00e9v\u00e9l\u00e9 le calendrier exact du lancement de la nouvelle g\u00e9n\u00e9ration de t\u00e9l\u00e9phones phares de Samsung, la s\u00e9rie Galaxy S26, qui comprend trois mod\u00e8les principaux : Galaxy S26, Galaxy S26+ et Galaxy S26 Ultra.   <\/p>\n\n<p>Selon les informations publi\u00e9es, le premier \u00e9v\u00e9nement officiel Galaxy Unpacked en 2026 aura lieu le mardi 25 f\u00e9vrier, o\u00f9 la soci\u00e9t\u00e9 cor\u00e9enne annoncera tous les d\u00e9tails et les sp\u00e9cifications finales de la s\u00e9rie.  <\/p>\n\n<h3 class=\"wp-block-heading\">Calendrier complet de lancement et de vente<\/h3>\n\n<ul class=\"wp-block-list\">\n<li><strong>25 f\u00e9vrier 2026<\/strong>: Annonce officielle de la s\u00e9rie Galaxy S26 lors du salon Galaxy Unpacked.<\/li>\n\n\n\n<li><strong>26 f\u00e9vrier &#8211; 4 mars 2026<\/strong>: P\u00e9riode de pr\u00e9-r\u00e9servation.<\/li>\n\n\n\n<li><strong>Du 5 au 10 mars 2026<\/strong>: Phase officielle de pr\u00e9commande avec des offres sp\u00e9ciales et des cadeaux.<\/li>\n\n\n\n<li><strong>11 mars 2026<\/strong>: Les ventes au d\u00e9tail normales commencent sur les march\u00e9s internationaux.<\/li>\n<\/ul>\n\n<p>Ce calendrier s&rsquo;aligne sur le cycle annuel habituel de Samsung, qui lance ses t\u00e9l\u00e9phones phares au printemps, ce qui donne \u00e0 l&rsquo;entreprise de nombreuses possibilit\u00e9s de promotion et de distribution avant la grande p\u00e9riode d&rsquo;achats du deuxi\u00e8me trimestre. <\/p>\n\n<h3 class=\"wp-block-heading\">Fuites de la s\u00e9rie Galaxy S26 : les fuites les plus attendues de la s\u00e9rie Galaxy S26<\/h3>\n\n<ul class=\"wp-block-list\">\n<li><strong>Galaxy S26<\/strong>: \u00c9cran Dynamic AMOLED de 6,3 pouces avec r\u00e9solution HD et taux de rafra\u00eechissement de 120 Hz.<\/li>\n\n\n\n<li><strong>Galaxy S26+<\/strong>: Un \u00e9cran plus grand de 6,7 pouces avec des am\u00e9liorations au niveau de la luminosit\u00e9 et des couleurs.<\/li>\n\n\n\n<li><strong>Galaxy S26 Ultra<\/strong>: il devrait pr\u00e9senter des changements techniques et de design plus importants, tout en continuant \u00e0 utiliser le stylet S Pen.<\/li>\n<\/ul>\n\n<p>L&rsquo;une des fuites les plus importantes concerne le retour possible des processeurs Exynos sur certains march\u00e9s, puisque des rapports indiquent que Samsung pourrait adopter le processeur Exynos 2600 localement dans un certain nombre de pays, au lieu de s&rsquo;appuyer enti\u00e8rement sur les processeurs Snapdragon, comme cela a \u00e9t\u00e9 le cas pour les deux g\u00e9n\u00e9rations pr\u00e9c\u00e9dentes.  <\/p>\n\n<h3 class=\"wp-block-heading\">Les analystes et les attentes du public<\/h3>\n\n<p>La s\u00e9rie <a href=\"https:\/\/live-kora-tv.com\/%d8%b3%d8%a7%d9%85%d8%b3%d9%88%d9%86%d8%ac-%d8%aa%d9%88%d8%a7%d8%ac%d9%87-%d8%aa%d8%ad%d8%af%d9%8a%d8%a7%d8%aa-%d8%a5%d9%86%d8%aa%d8%a7%d8%ac%d9%8a%d8%a9-%d8%aa%d8%a3%d8%ac%d9%8a%d9%84-%d9%85%d8%ad\/\">Galaxy S26<\/a> devrait apporter des am\u00e9liorations significatives en termes de performances, d&rsquo;appareil photo et de gestion de l&rsquo;\u00e9nergie, tout en mettant l&rsquo;accent sur l&rsquo;am\u00e9lioration de l&rsquo;exp\u00e9rience Galaxy AI. La concurrence devrait \u00eatre rude avec l&rsquo;iPhone 17, le Pixel 11, le Xiaomi 16 et d&rsquo;autres au premier trimestre 2026.   <\/p>\n\n<p>Alors que la date de l&rsquo;annonce officielle approche, l&rsquo;attente se fait sentir autour du design final, des nouvelles couleurs et des fonctionnalit\u00e9s exclusives que Samsung pourrait proposer pour attirer les amateurs de t\u00e9l\u00e9phones phares.   <\/p>\n","protected":false},"excerpt":{"rendered":"<p>La source fiable Ice Universe a r\u00e9v\u00e9l\u00e9 le calendrier exact du lancement de la nouvelle g\u00e9n\u00e9ration de t\u00e9l\u00e9phones phares de Samsung, la s\u00e9rie Galaxy S26, qui comprend trois mod\u00e8les principaux : Galaxy S26, Galaxy S26+ et Galaxy S26 Ultra. Selon les informations publi\u00e9es, le premier \u00e9v\u00e9nement officiel Galaxy Unpacked en 2026 aura lieu le mardi [&hellip;]<\/p>\n","protected":false},"author":4,"featured_media":13691,"comment_status":"open","ping_status":"open","sticky":false,"template":"","format":"standard","meta":{"footnotes":""},"categories":[22],"tags":[],"class_list":{"0":"post-13725","1":"post","2":"type-post","3":"status-publish","4":"format-standard","5":"has-post-thumbnail","7":"category-actualites-technologiques"},"_links":{"self":[{"href":"https:\/\/live-kora-tv.com\/fr\/wp-json\/wp\/v2\/posts\/13725","targetHints":{"allow":["GET"]}}],"collection":[{"href":"https:\/\/live-kora-tv.com\/fr\/wp-json\/wp\/v2\/posts"}],"about":[{"href":"https:\/\/live-kora-tv.com\/fr\/wp-json\/wp\/v2\/types\/post"}],"author":[{"embeddable":true,"href":"https:\/\/live-kora-tv.com\/fr\/wp-json\/wp\/v2\/users\/4"}],"replies":[{"embeddable":true,"href":"https:\/\/live-kora-tv.com\/fr\/wp-json\/wp\/v2\/comments?post=13725"}],"version-history":[{"count":1,"href":"https:\/\/live-kora-tv.com\/fr\/wp-json\/wp\/v2\/posts\/13725\/revisions"}],"predecessor-version":[{"id":13726,"href":"https:\/\/live-kora-tv.com\/fr\/wp-json\/wp\/v2\/posts\/13725\/revisions\/13726"}],"wp:featuredmedia":[{"embeddable":true,"href":"https:\/\/live-kora-tv.com\/fr\/wp-json\/wp\/v2\/media\/13691"}],"wp:attachment":[{"href":"https:\/\/live-kora-tv.com\/fr\/wp-json\/wp\/v2\/media?parent=13725"}],"wp:term":[{"taxonomy":"category","embeddable":true,"href":"https:\/\/live-kora-tv.com\/fr\/wp-json\/wp\/v2\/categories?post=13725"},{"taxonomy":"post_tag","embeddable":true,"href":"https:\/\/live-kora-tv.com\/fr\/wp-json\/wp\/v2\/tags?post=13725"}],"curies":[{"name":"wp","href":"https:\/\/api.w.org\/{rel}","templated":true}]}}