{"id":13727,"date":"2026-01-25T21:06:23","date_gmt":"2026-01-25T19:06:23","guid":{"rendered":"https:\/\/live-kora-tv.com\/lexposition-magna-mater-entre-zama-et-rome-souvre-au-musee-du-bardo-un-voyage-historique-au-coeur-du-patrimoine-tunisien\/"},"modified":"2026-01-25T21:06:26","modified_gmt":"2026-01-25T19:06:26","slug":"lexposition-magna-mater-entre-zama-et-rome-souvre-au-musee-du-bardo-un-voyage-historique-au-coeur-du-patrimoine-tunisien","status":"publish","type":"post","link":"https:\/\/live-kora-tv.com\/fr\/lexposition-magna-mater-entre-zama-et-rome-souvre-au-musee-du-bardo-un-voyage-historique-au-coeur-du-patrimoine-tunisien\/","title":{"rendered":"L&rsquo;exposition \u00ab\u00a0Magna Mater entre Zama et Rome\u00a0\u00bb s&rsquo;ouvre au Mus\u00e9e du Bardo : Un voyage historique au c\u0153ur du patrimoine tunisien"},"content":{"rendered":"\n<p>Le vendredi 22 janvier 2026, le Mus\u00e9e National du Bardo a accueilli la c\u00e9r\u00e9monie d&rsquo;ouverture de l&rsquo;exposition internationale \u00ab\u00a0Magna Mater : Entre Zama et Rome\u00a0\u00bb, en pr\u00e9sence d&rsquo;une d\u00e9l\u00e9gation officielle et culturelle de haut niveau, avec la participation d&rsquo;experts arch\u00e9ologiques et d&rsquo;historiens de Tunisie et d&rsquo;Italie.     <\/p>\n\n<p>L&rsquo;exposition, qui se tient jusqu&rsquo;\u00e0 la fin du mois d&rsquo;avril, est l&rsquo;un des temps forts culturels de l&rsquo;ann\u00e9e en Tunisie. Elle met en lumi\u00e8re la figure de la d\u00e9esse Magna Mater (Grande M\u00e8re) en tant que symbole central dans les religions anciennes, depuis l&rsquo;\u00e8re pr\u00e9romaine jusqu&rsquo;\u00e0 la p\u00e9riode romaine tardive, en passant par la c\u00e9l\u00e8bre victoire de Zama (202 av. J.-C.).    <\/p>\n\n<h3 class=\"wp-block-heading\">Contenu et points forts de l&rsquo;exposition<\/h3>\n\n<p>L&rsquo;exposition pr\u00e9sente une rare collection d&rsquo;objets mis au jour sur des sites tunisiens et italiens, notamment des statues, des inscriptions, des poteries et des bijoux de diff\u00e9rentes \u00e9poques, montrant comment le culte de la d\u00e9esse m\u00e8re a \u00e9volu\u00e9 au fil des \u00e2ges et a interagi avec les cultures locales et import\u00e9es.  <\/p>\n\n<p>Faits marquants :<\/p>\n\n<ul class=\"wp-block-list\">\n<li>Grande statue de la d\u00e9esse Kebele (Magna Mater) provenant du site romain de Thuga.<\/li>\n\n\n\n<li>Inscriptions et autels d\u00e9di\u00e9s \u00e0 la d\u00e9esse dans les villes de Carthage, Zama et Hippo Regius.<\/li>\n\n\n\n<li>Les objets italiens provenant des temples de Rome et d&rsquo;Ostie mettent en \u00e9vidence les similitudes et les diff\u00e9rences entre les rituels de culte.<\/li>\n\n\n\n<li>Une collection de pi\u00e8ces de monnaie et de lampes \u00e0 huile avec des symboles associ\u00e9s \u00e0 la D\u00e9esse M\u00e8re.<\/li>\n<\/ul>\n\n<figure class=\"wp-block-image size-large\"><img loading=\"lazy\" decoding=\"async\" width=\"1024\" height=\"683\" src=\"https:\/\/live-kora-tv.com\/mnt\/volume_nc_20\/live-kora-tv.com\/uploads\/2026\/01\/telegram-cloud-photo-size-2-5447265953499516434-y-1024x683.jpg\" alt=\"\" class=\"wp-image-13682\" srcset=\"https:\/\/live-kora-tv.com\/mnt\/volume_nc_20\/live-kora-tv.com\/uploads\/2026\/01\/telegram-cloud-photo-size-2-5447265953499516434-y-1024x683.jpg 1024w, https:\/\/live-kora-tv.com\/mnt\/volume_nc_20\/live-kora-tv.com\/uploads\/2026\/01\/telegram-cloud-photo-size-2-5447265953499516434-y-300x200.jpg 300w, https:\/\/live-kora-tv.com\/mnt\/volume_nc_20\/live-kora-tv.com\/uploads\/2026\/01\/telegram-cloud-photo-size-2-5447265953499516434-y-768x512.jpg 768w, https:\/\/live-kora-tv.com\/mnt\/volume_nc_20\/live-kora-tv.com\/uploads\/2026\/01\/telegram-cloud-photo-size-2-5447265953499516434-y-630x420.jpg 630w, https:\/\/live-kora-tv.com\/mnt\/volume_nc_20\/live-kora-tv.com\/uploads\/2026\/01\/telegram-cloud-photo-size-2-5447265953499516434-y-150x100.jpg 150w, https:\/\/live-kora-tv.com\/mnt\/volume_nc_20\/live-kora-tv.com\/uploads\/2026\/01\/telegram-cloud-photo-size-2-5447265953499516434-y-696x464.jpg 696w, https:\/\/live-kora-tv.com\/mnt\/volume_nc_20\/live-kora-tv.com\/uploads\/2026\/01\/telegram-cloud-photo-size-2-5447265953499516434-y-1068x712.jpg 1068w, https:\/\/live-kora-tv.com\/mnt\/volume_nc_20\/live-kora-tv.com\/uploads\/2026\/01\/telegram-cloud-photo-size-2-5447265953499516434-y.jpg 1080w\" sizes=\"auto, (max-width: 1024px) 100vw, 1024px\" \/><\/figure>\n\n<h3 class=\"wp-block-heading\">L&rsquo;importance de l&rsquo;exposition dans le contexte du patrimoine commun<\/h3>\n\n<p>L&rsquo;exposition met en lumi\u00e8re la profonde relation historique entre la Tunisie et l&rsquo;Italie, en soulignant comment la figure de Magna Mater a form\u00e9 un pont culturel entre les civilisations carthaginoise et romaine, et comment ce culte s&rsquo;est d\u00e9plac\u00e9 de l&rsquo;Afrique du Nord jusqu&rsquo;au c\u0153ur de l&rsquo;Empire romain.  <\/p>\n\n<p>L&rsquo;exposition est organis\u00e9e en partenariat entre le Mus\u00e9e national du Bardo et l&rsquo;Institut italien d&rsquo;\u00e9tudes arch\u00e9ologiques, avec le soutien du minist\u00e8re tunisien des Affaires culturelles et de l&rsquo;ambassade d&rsquo;Italie \u00e0 Tunis, et s&rsquo;inscrit dans le cadre du programme de coop\u00e9ration culturelle tuniso-italienne 2026.  <\/p>\n\n<h3 class=\"wp-block-heading\">Accompagner les \u00e9v\u00e9nements et les visites guid\u00e9es<\/h3>\n\n<p>L&rsquo;exposition sera accompagn\u00e9e d&rsquo;une s\u00e9rie d&rsquo;\u00e9v\u00e9nements culturels et \u00e9ducatifs : <\/p>\n\n<ul class=\"wp-block-list\">\n<li>Visites guid\u00e9es quotidiennes en trois langues (arabe, fran\u00e7ais et anglais). <\/li>\n\n\n\n<li>Conf\u00e9rences sp\u00e9cialis\u00e9es de chercheurs tunisiens et italiens sur l&rsquo;histoire des cultes matriarcaux en M\u00e9diterran\u00e9e.<\/li>\n\n\n\n<li>Ateliers pour les enfants et les jeunes sur les arts et l&rsquo;artisanat traditionnels associ\u00e9s au patrimoine roumain.<\/li>\n<\/ul>\n\n<p>L&rsquo;exposition est ouverte tous les jours de 9h30 \u00e0 17h00 (sauf le lundi), avec un prix d&rsquo;entr\u00e9e symbolique qui comprend l&rsquo;acc\u00e8s aux galeries principales du mus\u00e9e. <\/p>\n\n<p>Cette exposition est une occasion pr\u00e9cieuse de d\u00e9couvrir un aspect riche et m\u00e9connu du patrimoine tunisien et refl\u00e8te les liens historiques et culturels profonds qui unissent la Tunisie et l&rsquo;Italie depuis l&rsquo;Antiquit\u00e9. <\/p>\n","protected":false},"excerpt":{"rendered":"<p>Le vendredi 22 janvier 2026, le Mus\u00e9e National du Bardo a accueilli la c\u00e9r\u00e9monie d&rsquo;ouverture de l&rsquo;exposition internationale \u00ab\u00a0Magna Mater : Entre Zama et Rome\u00a0\u00bb, en pr\u00e9sence d&rsquo;une d\u00e9l\u00e9gation officielle et culturelle de haut niveau, avec la participation d&rsquo;experts arch\u00e9ologiques et d&rsquo;historiens de Tunisie et d&rsquo;Italie. L&rsquo;exposition, qui se tient jusqu&rsquo;\u00e0 la fin du mois [&hellip;]<\/p>\n","protected":false},"author":4,"featured_media":13681,"comment_status":"open","ping_status":"open","sticky":false,"template":"","format":"standard","meta":{"footnotes":""},"categories":[23],"tags":[],"class_list":{"0":"post-13727","1":"post","2":"type-post","3":"status-publish","4":"format-standard","5":"has-post-thumbnail","7":"category-culture-et-societe"},"_links":{"self":[{"href":"https:\/\/live-kora-tv.com\/fr\/wp-json\/wp\/v2\/posts\/13727","targetHints":{"allow":["GET"]}}],"collection":[{"href":"https:\/\/live-kora-tv.com\/fr\/wp-json\/wp\/v2\/posts"}],"about":[{"href":"https:\/\/live-kora-tv.com\/fr\/wp-json\/wp\/v2\/types\/post"}],"author":[{"embeddable":true,"href":"https:\/\/live-kora-tv.com\/fr\/wp-json\/wp\/v2\/users\/4"}],"replies":[{"embeddable":true,"href":"https:\/\/live-kora-tv.com\/fr\/wp-json\/wp\/v2\/comments?post=13727"}],"version-history":[{"count":1,"href":"https:\/\/live-kora-tv.com\/fr\/wp-json\/wp\/v2\/posts\/13727\/revisions"}],"predecessor-version":[{"id":13728,"href":"https:\/\/live-kora-tv.com\/fr\/wp-json\/wp\/v2\/posts\/13727\/revisions\/13728"}],"wp:featuredmedia":[{"embeddable":true,"href":"https:\/\/live-kora-tv.com\/fr\/wp-json\/wp\/v2\/media\/13681"}],"wp:attachment":[{"href":"https:\/\/live-kora-tv.com\/fr\/wp-json\/wp\/v2\/media?parent=13727"}],"wp:term":[{"taxonomy":"category","embeddable":true,"href":"https:\/\/live-kora-tv.com\/fr\/wp-json\/wp\/v2\/categories?post=13727"},{"taxonomy":"post_tag","embeddable":true,"href":"https:\/\/live-kora-tv.com\/fr\/wp-json\/wp\/v2\/tags?post=13727"}],"curies":[{"name":"wp","href":"https:\/\/api.w.org\/{rel}","templated":true}]}}