{"id":13733,"date":"2026-01-26T09:03:08","date_gmt":"2026-01-26T07:03:08","guid":{"rendered":"https:\/\/live-kora-tv.com\/meteo-du-lundi-26-janvier-2026-pluies-eparses-et-vents-forts-dans-plusieurs-regions\/"},"modified":"2026-01-26T09:03:11","modified_gmt":"2026-01-26T07:03:11","slug":"meteo-du-lundi-26-janvier-2026-pluies-eparses-et-vents-forts-dans-plusieurs-regions","status":"publish","type":"post","link":"https:\/\/live-kora-tv.com\/fr\/meteo-du-lundi-26-janvier-2026-pluies-eparses-et-vents-forts-dans-plusieurs-regions\/","title":{"rendered":"M\u00e9t\u00e9o du lundi 26 janvier 2026 : Pluies \u00e9parses et vents forts dans plusieurs r\u00e9gions"},"content":{"rendered":"\n<p>Le temps en Tunisie, lundi 26 janvier 2026, conna\u00eet des fluctuations m\u00e9t\u00e9orologiques d&rsquo;intensit\u00e9 variable, la Direction g\u00e9n\u00e9rale de la m\u00e9t\u00e9orologie pr\u00e9voyant des pluies sporadiques dans la plupart des r\u00e9gions, avec des vents relativement forts \u00e0 forts dans certaines zones.  <\/p>\n\n<h4 class=\"wp-block-heading\">D\u00e9tails des pr\u00e9visions m\u00e9t\u00e9orologiques :<\/h4>\n\n<ul class=\"wp-block-list\">\n<li><strong>Pluie<\/strong>: Averses \u00e9parses et orages occasionnels dans les r\u00e9gions du nord et du centre et sur les c\u00f4tes orientales, avec une plus grande concentration dans le nord-ouest et les zones montagneuses. Les pluies seront faibles \u00e0 mod\u00e9r\u00e9es dans la plupart des r\u00e9gions, avec la possibilit\u00e9 d&rsquo;enregistrer des quantit\u00e9s plus importantes en certains points.<\/li>\n\n\n\n<li><strong>Vent<\/strong>: Relativement fort \u00e0 fort par moments (rafales jusqu&rsquo;\u00e0 50-70 km\/h) sur les c\u00f4tes orientales et les r\u00e9gions d\u00e9gag\u00e9es, avec des rafales plus fortes dans le sud-est et les r\u00e9gions montagneuses.<\/li>\n\n\n\n<li><strong>Temp\u00e9ratures<\/strong>:\n<ul class=\"wp-block-list\">\n<li>Maximum : 14-18 degr\u00e9s dans le nord et le centre, jusqu&rsquo;\u00e0 19-23 degr\u00e9s dans le sud.  <\/li>\n\n\n\n<li>Minimum (dimanche\/lundi soir) : 6-10 degr\u00e9s sur le nord et le centre, 12-16 degr\u00e9s sur le sud.  <\/li>\n<\/ul>\n<\/li>\n\n\n\n<li>La <strong>mer<\/strong>: Turbulente \u00e0 tr\u00e8s turbulente sur la c\u00f4te est, avec des avis de fortes vagues dans certaines zones.<\/li>\n<\/ul>\n\n<h4 class=\"wp-block-heading\">Avertissements et conseils :<\/h4>\n\n<ul class=\"wp-block-list\">\n<li>\u00c9vitez de vous rendre \u00e0 proximit\u00e9 des vall\u00e9es et des zones basses en raison du risque d&rsquo;inondations localis\u00e9es.<\/li>\n\n\n\n<li>Soyez prudent lorsque vous conduisez sur des routes mouill\u00e9es et glissantes, en particulier dans les r\u00e9gions montagneuses. <\/li>\n\n\n\n<li>Portez des v\u00eatements chauds et imperm\u00e9ables, en particulier pour vous prot\u00e9ger des vents violents. <\/li>\n\n\n\n<li>Suivez les mises \u00e0 jour quotidiennes de l&rsquo;Institut m\u00e9t\u00e9orologique national pour tout changement soudain.<\/li>\n<\/ul>\n\n<p>Ce temps instable devrait se poursuivre au cours des prochains jours, avec une diminution progressive de l&rsquo;intensit\u00e9 des pr\u00e9cipitations \u00e0 partir du milieu de la semaine. <\/p>\n","protected":false},"excerpt":{"rendered":"<p>Le temps en Tunisie, lundi 26 janvier 2026, conna\u00eet des fluctuations m\u00e9t\u00e9orologiques d&rsquo;intensit\u00e9 variable, la Direction g\u00e9n\u00e9rale de la m\u00e9t\u00e9orologie pr\u00e9voyant des pluies sporadiques dans la plupart des r\u00e9gions, avec des vents relativement forts \u00e0 forts dans certaines zones. D\u00e9tails des pr\u00e9visions m\u00e9t\u00e9orologiques : Avertissements et conseils : Ce temps instable devrait se poursuivre au [&hellip;]<\/p>\n","protected":false},"author":4,"featured_media":13731,"comment_status":"open","ping_status":"open","sticky":false,"template":"","format":"standard","meta":{"footnotes":""},"categories":[68],"tags":[],"class_list":{"0":"post-13733","1":"post","2":"type-post","3":"status-publish","4":"format-standard","5":"has-post-thumbnail","7":"category-communaute"},"_links":{"self":[{"href":"https:\/\/live-kora-tv.com\/fr\/wp-json\/wp\/v2\/posts\/13733","targetHints":{"allow":["GET"]}}],"collection":[{"href":"https:\/\/live-kora-tv.com\/fr\/wp-json\/wp\/v2\/posts"}],"about":[{"href":"https:\/\/live-kora-tv.com\/fr\/wp-json\/wp\/v2\/types\/post"}],"author":[{"embeddable":true,"href":"https:\/\/live-kora-tv.com\/fr\/wp-json\/wp\/v2\/users\/4"}],"replies":[{"embeddable":true,"href":"https:\/\/live-kora-tv.com\/fr\/wp-json\/wp\/v2\/comments?post=13733"}],"version-history":[{"count":1,"href":"https:\/\/live-kora-tv.com\/fr\/wp-json\/wp\/v2\/posts\/13733\/revisions"}],"predecessor-version":[{"id":13734,"href":"https:\/\/live-kora-tv.com\/fr\/wp-json\/wp\/v2\/posts\/13733\/revisions\/13734"}],"wp:featuredmedia":[{"embeddable":true,"href":"https:\/\/live-kora-tv.com\/fr\/wp-json\/wp\/v2\/media\/13731"}],"wp:attachment":[{"href":"https:\/\/live-kora-tv.com\/fr\/wp-json\/wp\/v2\/media?parent=13733"}],"wp:term":[{"taxonomy":"category","embeddable":true,"href":"https:\/\/live-kora-tv.com\/fr\/wp-json\/wp\/v2\/categories?post=13733"},{"taxonomy":"post_tag","embeddable":true,"href":"https:\/\/live-kora-tv.com\/fr\/wp-json\/wp\/v2\/tags?post=13733"}],"curies":[{"name":"wp","href":"https:\/\/api.w.org\/{rel}","templated":true}]}}