{"id":13786,"date":"2026-01-26T16:57:29","date_gmt":"2026-01-26T14:57:29","guid":{"rendered":"https:\/\/live-kora-tv.com\/resiliation-officielle-entre-etoile-du-sahel-et-mohamed-mokachar\/"},"modified":"2026-01-26T16:57:32","modified_gmt":"2026-01-26T14:57:32","slug":"resiliation-officielle-entre-etoile-du-sahel-et-mohamed-mokachar","status":"publish","type":"post","link":"https:\/\/live-kora-tv.com\/fr\/resiliation-officielle-entre-etoile-du-sahel-et-mohamed-mokachar\/","title":{"rendered":"R\u00e9siliation officielle entre Etoile du Sahel et Mohamed Mokachar"},"content":{"rendered":"\n<p>L&rsquo;Etoile Sportive du Sahel a annonc\u00e9 lundi qu&rsquo;elle s&rsquo;\u00e9tait officiellement s\u00e9par\u00e9e de son entra\u00eeneur Mohamed El Mokashar apr\u00e8s qu&rsquo;un accord \u00e0 l&rsquo;amiable ait \u00e9t\u00e9 conclu lors d&rsquo;une r\u00e9union entre le pr\u00e9sident de l&rsquo;Etoile et l&rsquo;ancien entra\u00eeneur.  <\/p>\n\n<p>Selon un communiqu\u00e9 du club, les deux parties ont d\u00e9cid\u00e9 de mettre fin au contrat par consentement mutuel, apr\u00e8s une p\u00e9riode de r\u00e9sultats insatisfaisants qui a entra\u00een\u00e9 une baisse significative des performances de l&rsquo;\u00e9quipe au niveau local et continental. <\/p>\n\n<p>Le communiqu\u00e9 indique que l&rsquo;identit\u00e9 du nouvel entra\u00eeneur sera annonc\u00e9e ult\u00e9rieurement, soulignant que la direction travaille actuellement \u00e0 la s\u00e9lection de la comp\u00e9tence appropri\u00e9e qui est en ligne avec les ambitions du club dans la prochaine phase. <\/p>\n\n<p><strong>Contexte du d\u00e9part<\/strong><\/p>\n\n<p>Mohamed Mokachar a pris les r\u00eanes de l&rsquo;Etoile du Sahel au cours d&rsquo;une p\u00e9riode difficile marqu\u00e9e par des changements fr\u00e9quents dans l&rsquo;encadrement et une baisse des r\u00e9sultats, notamment dans le championnat tunisien et en Coupe de la Conf\u00e9d\u00e9ration africaine. Malgr\u00e9 quelques moments positifs, l&rsquo;\u00e9quipe n&rsquo;a pas r\u00e9ussi \u00e0 retrouver sa stabilit\u00e9 ni \u00e0 revenir sur les podiums, ce qui a pouss\u00e9 la direction \u00e0 prendre la d\u00e9cision d&rsquo;op\u00e9rer un changement.    <\/p>\n\n<p><strong>Situation actuelle de Najem Saheli<\/strong><\/p>\n\n<p>L&rsquo;\u00e9quipe se trouve actuellement en milieu de tableau dans le championnat tunisien, loin des premi\u00e8res places qu&rsquo;elle avait l&rsquo;habitude de disputer, tandis qu&rsquo;elle poursuit sa campagne de la Conf\u00e9d\u00e9ration de la CAF avec peu d&rsquo;ambition apr\u00e8s un d\u00e9part tr\u00e9buchant en phase de groupe.  <\/p>\n\n<p><strong>Prochaine \u00e9tape<\/strong><\/p>\n\n<p>La direction de l&rsquo;Etoile du Sahel cherche \u00e0 reconstruire l&rsquo;\u00e9quipe rapidement, en nommant un entra\u00eeneur ayant une grande exp\u00e9rience et capable de r\u00e9\u00e9quilibrer la d\u00e9fense et l&rsquo;attaque en m\u00eame temps. Le nom du nouvel entra\u00eeneur devrait \u00eatre annonc\u00e9 dans les prochains jours, avec le d\u00e9but de la fen\u00eatre de transfert hivernale qui pourrait voir des changements significatifs dans la composition de l&rsquo;\u00e9quipe.   <\/p>\n","protected":false},"excerpt":{"rendered":"<p>L&rsquo;Etoile Sportive du Sahel a annonc\u00e9 lundi qu&rsquo;elle s&rsquo;\u00e9tait officiellement s\u00e9par\u00e9e de son entra\u00eeneur Mohamed El Mokashar apr\u00e8s qu&rsquo;un accord \u00e0 l&rsquo;amiable ait \u00e9t\u00e9 conclu lors d&rsquo;une r\u00e9union entre le pr\u00e9sident de l&rsquo;Etoile et l&rsquo;ancien entra\u00eeneur. Selon un communiqu\u00e9 du club, les deux parties ont d\u00e9cid\u00e9 de mettre fin au contrat par consentement mutuel, apr\u00e8s [&hellip;]<\/p>\n","protected":false},"author":4,"featured_media":13774,"comment_status":"open","ping_status":"open","sticky":false,"template":"","format":"standard","meta":{"footnotes":""},"categories":[20],"tags":[],"class_list":{"0":"post-13786","1":"post","2":"type-post","3":"status-publish","4":"format-standard","5":"has-post-thumbnail","7":"category-actualites-sportives"},"_links":{"self":[{"href":"https:\/\/live-kora-tv.com\/fr\/wp-json\/wp\/v2\/posts\/13786","targetHints":{"allow":["GET"]}}],"collection":[{"href":"https:\/\/live-kora-tv.com\/fr\/wp-json\/wp\/v2\/posts"}],"about":[{"href":"https:\/\/live-kora-tv.com\/fr\/wp-json\/wp\/v2\/types\/post"}],"author":[{"embeddable":true,"href":"https:\/\/live-kora-tv.com\/fr\/wp-json\/wp\/v2\/users\/4"}],"replies":[{"embeddable":true,"href":"https:\/\/live-kora-tv.com\/fr\/wp-json\/wp\/v2\/comments?post=13786"}],"version-history":[{"count":1,"href":"https:\/\/live-kora-tv.com\/fr\/wp-json\/wp\/v2\/posts\/13786\/revisions"}],"predecessor-version":[{"id":13787,"href":"https:\/\/live-kora-tv.com\/fr\/wp-json\/wp\/v2\/posts\/13786\/revisions\/13787"}],"wp:featuredmedia":[{"embeddable":true,"href":"https:\/\/live-kora-tv.com\/fr\/wp-json\/wp\/v2\/media\/13774"}],"wp:attachment":[{"href":"https:\/\/live-kora-tv.com\/fr\/wp-json\/wp\/v2\/media?parent=13786"}],"wp:term":[{"taxonomy":"category","embeddable":true,"href":"https:\/\/live-kora-tv.com\/fr\/wp-json\/wp\/v2\/categories?post=13786"},{"taxonomy":"post_tag","embeddable":true,"href":"https:\/\/live-kora-tv.com\/fr\/wp-json\/wp\/v2\/tags?post=13786"}],"curies":[{"name":"wp","href":"https:\/\/api.w.org\/{rel}","templated":true}]}}