{"id":13799,"date":"2026-01-27T10:02:07","date_gmt":"2026-01-27T08:02:07","guid":{"rendered":"https:\/\/live-kora-tv.com\/linde-et-lue-signent-un-accord-commercial-historique\/"},"modified":"2026-01-27T10:02:12","modified_gmt":"2026-01-27T08:02:12","slug":"linde-et-lue-signent-un-accord-commercial-historique","status":"publish","type":"post","link":"https:\/\/live-kora-tv.com\/fr\/linde-et-lue-signent-un-accord-commercial-historique\/","title":{"rendered":"L&rsquo;Inde et l&rsquo;UE signent un accord commercial historique"},"content":{"rendered":"\n<p>Le Premier ministre indien Narendra Modi a annonc\u00e9 mardi 27 janvier 2026 un accord commercial global avec l&rsquo;Union europ\u00e9enne, le qualifiant de \u00ab\u00a0r\u00e9alisation historique\u00a0\u00bb qui ouvre de nouvelles perspectives de croissance \u00e9conomique et de partenariat strat\u00e9gique entre les deux parties.   <\/p>\n\n<p>Dans une d\u00e9claration officielle, M. Modi a indiqu\u00e9 que l&rsquo;accord \u00ab\u00a0stimulera consid\u00e9rablement le commerce bilat\u00e9ral, cr\u00e9era de nouvelles possibilit\u00e9s d&#8217;emploi pour des millions d&rsquo;Indiens et contribuera \u00e0 l&rsquo;industrialisation et \u00e0 l&rsquo;innovation de l&rsquo;Inde\u00a0\u00bb.  <\/p>\n\n<h3 class=\"wp-block-heading\">Principaux d\u00e9tails de l&rsquo;accord<\/h3>\n\n<p>L&rsquo;accord, dont la n\u00e9gociation a dur\u00e9 plus de 16 ans, comprend un certain nombre de clauses substantielles, dont les plus importantes sont les suivantes : <\/p>\n\n<ul class=\"wp-block-list\">\n<li>R\u00e9duction des droits de douane sur les produits industriels et agricoles des deux c\u00f4t\u00e9s, avec des p\u00e9riodes de transition variables. <\/li>\n\n\n\n<li>Faciliter l&rsquo;acc\u00e8s des entreprises indiennes au march\u00e9 de l&rsquo;UE dans les secteurs des services, des technologies de l&rsquo;information et des produits pharmaceutiques.  <\/li>\n\n\n\n<li>Renforcement de la protection des droits de propri\u00e9t\u00e9 intellectuelle, avec des engagements mutuels pour lutter contre la contrefa\u00e7on et le piratage. <\/li>\n\n\n\n<li>Promouvoir la coop\u00e9ration dans le domaine des \u00e9nergies renouvelables et des technologies vertes, conform\u00e9ment aux objectifs de d\u00e9veloppement durable. <\/li>\n\n\n\n<li>Annulation ou r\u00e9duction significative des droits de douane sur les principaux produits agricoles indiens tels que le riz basmati, les \u00e9pices et le th\u00e9.<\/li>\n<\/ul>\n\n<h3 class=\"wp-block-heading\">R\u00e9actions officielles et \u00e9conomiques<\/h3>\n\n<p>La pr\u00e9sidente de la Commission europ\u00e9enne, Ursula von der Leyen, a salu\u00e9 l&rsquo;accord, le qualifiant de \u00ab\u00a0tournant dans les relations entre les deux plus grandes d\u00e9mocraties du monde\u00a0\u00bb. <\/p>\n\n<p>Pour sa part, le pr\u00e9sident du Conseil europ\u00e9en, Charles Michel, a soulign\u00e9 que l&rsquo;accord \u00ab\u00a0renforcera la s\u00e9curit\u00e9 \u00e9conomique des deux parties et contribuera \u00e0 la diversification des cha\u00eenes d&rsquo;approvisionnement mondiales\u00a0\u00bb.  <\/p>\n\n<h3 class=\"wp-block-heading\">Impact attendu sur les deux \u00e9conomies<\/h3>\n\n<ul class=\"wp-block-list\">\n<li>Le commerce bilat\u00e9ral entre l&rsquo;Inde et l&rsquo;UE devrait augmenter de plus de 40 % au cours des cinq prochaines ann\u00e9es.<\/li>\n\n\n\n<li>L&rsquo;Inde b\u00e9n\u00e9ficiera particuli\u00e8rement de l&rsquo;augmentation des exportations de textiles, de produits pharmaceutiques g\u00e9n\u00e9riques, de technologies de l&rsquo;information et de produits agricoles.   <\/li>\n\n\n\n<li>Les consommateurs europ\u00e9ens auront acc\u00e8s \u00e0 des produits indiens de haute qualit\u00e9 \u00e0 des prix plus comp\u00e9titifs, notamment dans les secteurs pharmaceutique et textile. <\/li>\n<\/ul>\n\n<h3 class=\"wp-block-heading\">Prochaines \u00e9tapes<\/h3>\n\n<p>L&rsquo;accord devrait \u00eatre officiellement sign\u00e9 lors d&rsquo;un sommet conjoint \u00e0 New Delhi ou \u00e0 Bruxelles au cours du deuxi\u00e8me trimestre de 2026, et entrera progressivement en vigueur \u00e0 partir de 2027 apr\u00e8s ratification parlementaire de part et d&rsquo;autre. <\/p>\n\n<p>Cet accord est l&rsquo;un des plus importants accords commerciaux conclus par l&rsquo;UE au cours de la derni\u00e8re d\u00e9cennie et intervient \u00e0 un moment o\u00f9 l&rsquo;Inde cherche \u00e0 consolider sa position en tant que grande puissance \u00e9conomique mondiale. <\/p>\n","protected":false},"excerpt":{"rendered":"<p>Le Premier ministre indien Narendra Modi a annonc\u00e9 mardi 27 janvier 2026 un accord commercial global avec l&rsquo;Union europ\u00e9enne, le qualifiant de \u00ab\u00a0r\u00e9alisation historique\u00a0\u00bb qui ouvre de nouvelles perspectives de croissance \u00e9conomique et de partenariat strat\u00e9gique entre les deux parties. Dans une d\u00e9claration officielle, M. Modi a indiqu\u00e9 que l&rsquo;accord \u00ab\u00a0stimulera consid\u00e9rablement le commerce bilat\u00e9ral, [&hellip;]<\/p>\n","protected":false},"author":4,"featured_media":13796,"comment_status":"open","ping_status":"open","sticky":false,"template":"","format":"standard","meta":{"footnotes":""},"categories":[69],"tags":[],"class_list":{"0":"post-13799","1":"post","2":"type-post","3":"status-publish","4":"format-standard","5":"has-post-thumbnail","7":"category-nouvelles-du-monde"},"_links":{"self":[{"href":"https:\/\/live-kora-tv.com\/fr\/wp-json\/wp\/v2\/posts\/13799","targetHints":{"allow":["GET"]}}],"collection":[{"href":"https:\/\/live-kora-tv.com\/fr\/wp-json\/wp\/v2\/posts"}],"about":[{"href":"https:\/\/live-kora-tv.com\/fr\/wp-json\/wp\/v2\/types\/post"}],"author":[{"embeddable":true,"href":"https:\/\/live-kora-tv.com\/fr\/wp-json\/wp\/v2\/users\/4"}],"replies":[{"embeddable":true,"href":"https:\/\/live-kora-tv.com\/fr\/wp-json\/wp\/v2\/comments?post=13799"}],"version-history":[{"count":1,"href":"https:\/\/live-kora-tv.com\/fr\/wp-json\/wp\/v2\/posts\/13799\/revisions"}],"predecessor-version":[{"id":13800,"href":"https:\/\/live-kora-tv.com\/fr\/wp-json\/wp\/v2\/posts\/13799\/revisions\/13800"}],"wp:featuredmedia":[{"embeddable":true,"href":"https:\/\/live-kora-tv.com\/fr\/wp-json\/wp\/v2\/media\/13796"}],"wp:attachment":[{"href":"https:\/\/live-kora-tv.com\/fr\/wp-json\/wp\/v2\/media?parent=13799"}],"wp:term":[{"taxonomy":"category","embeddable":true,"href":"https:\/\/live-kora-tv.com\/fr\/wp-json\/wp\/v2\/categories?post=13799"},{"taxonomy":"post_tag","embeddable":true,"href":"https:\/\/live-kora-tv.com\/fr\/wp-json\/wp\/v2\/tags?post=13799"}],"curies":[{"name":"wp","href":"https:\/\/api.w.org\/{rel}","templated":true}]}}