{"id":13804,"date":"2026-01-27T11:18:44","date_gmt":"2026-01-27T09:18:44","guid":{"rendered":"https:\/\/live-kora-tv.com\/premiere-operation-a-coeur-ouvert-a-lhopital-pour-enfants-al-bashir-hamza\/"},"modified":"2026-01-27T11:18:47","modified_gmt":"2026-01-27T09:18:47","slug":"premiere-operation-a-coeur-ouvert-a-lhopital-pour-enfants-al-bashir-hamza","status":"publish","type":"post","link":"https:\/\/live-kora-tv.com\/fr\/premiere-operation-a-coeur-ouvert-a-lhopital-pour-enfants-al-bashir-hamza\/","title":{"rendered":"Premi\u00e8re op\u00e9ration \u00e0 c\u0153ur ouvert \u00e0 l&rsquo;h\u00f4pital pour enfants Al Bashir Hamza"},"content":{"rendered":"\n<p>Le minist\u00e8re de la Sant\u00e9 a annonc\u00e9, lundi 26 janvier 2026, le succ\u00e8s de la premi\u00e8re op\u00e9ration \u00e0 c\u0153ur ouvert r\u00e9alis\u00e9e sur un enfant de quatre ans et demi \u00e0 l&rsquo;h\u00f4pital pour enfants Bashir Hamza, dans d&rsquo;excellentes conditions m\u00e9dicales et avec des r\u00e9sultats rassurants.    <\/p>\n\n<p>Cette r\u00e9ussite est le r\u00e9sultat des efforts int\u00e9gr\u00e9s d&rsquo;une \u00e9quipe m\u00e9dicale multidisciplinaire, sous la supervision du professeur Fakir Ghadira, chef du service de chirurgie cardiaque p\u00e9diatrique, et avec la participation active de :   <\/p>\n\n<ul class=\"wp-block-list\">\n<li>Service d&rsquo;anesth\u00e9sie et de r\u00e9animation dirig\u00e9 par M. Mehdi Tarifa.<\/li>\n\n\n\n<li>D\u00e9partement de r\u00e9animation m\u00e9dicale dirig\u00e9 par M. Khalid Al-Muneef.<\/li>\n<\/ul>\n\n<p>Cette intervention chirurgicale d\u00e9licate repr\u00e9sente une \u00e9tape importante dans le d\u00e9veloppement des services sp\u00e9cialis\u00e9s de cardiologie p\u00e9diatrique et refl\u00e8te la capacit\u00e9 croissante de l&rsquo;h\u00f4pital \u00e0 fournir des soins avanc\u00e9s et s\u00fbrs au sein des institutions publiques. <\/p>\n\n<p>Ce succ\u00e8s d\u00e9montre l&rsquo;engagement du syst\u00e8me de sant\u00e9 tunisien en faveur du droit des enfants \u00e0 recevoir un traitement sp\u00e9cialis\u00e9 de haute qualit\u00e9 sans avoir \u00e0 se rendre \u00e0 l&rsquo;\u00e9tranger, ce qui r\u00e9duit le fardeau des familles et renforce la confiance dans les services de sant\u00e9 nationaux. <\/p>\n","protected":false},"excerpt":{"rendered":"<p>Le minist\u00e8re de la Sant\u00e9 a annonc\u00e9, lundi 26 janvier 2026, le succ\u00e8s de la premi\u00e8re op\u00e9ration \u00e0 c\u0153ur ouvert r\u00e9alis\u00e9e sur un enfant de quatre ans et demi \u00e0 l&rsquo;h\u00f4pital pour enfants Bashir Hamza, dans d&rsquo;excellentes conditions m\u00e9dicales et avec des r\u00e9sultats rassurants. Cette r\u00e9ussite est le r\u00e9sultat des efforts int\u00e9gr\u00e9s d&rsquo;une \u00e9quipe m\u00e9dicale [&hellip;]<\/p>\n","protected":false},"author":4,"featured_media":13802,"comment_status":"open","ping_status":"open","sticky":false,"template":"","format":"standard","meta":{"footnotes":""},"categories":[26],"tags":[],"class_list":{"0":"post-13804","1":"post","2":"type-post","3":"status-publish","4":"format-standard","5":"has-post-thumbnail","7":"category-sante"},"_links":{"self":[{"href":"https:\/\/live-kora-tv.com\/fr\/wp-json\/wp\/v2\/posts\/13804","targetHints":{"allow":["GET"]}}],"collection":[{"href":"https:\/\/live-kora-tv.com\/fr\/wp-json\/wp\/v2\/posts"}],"about":[{"href":"https:\/\/live-kora-tv.com\/fr\/wp-json\/wp\/v2\/types\/post"}],"author":[{"embeddable":true,"href":"https:\/\/live-kora-tv.com\/fr\/wp-json\/wp\/v2\/users\/4"}],"replies":[{"embeddable":true,"href":"https:\/\/live-kora-tv.com\/fr\/wp-json\/wp\/v2\/comments?post=13804"}],"version-history":[{"count":1,"href":"https:\/\/live-kora-tv.com\/fr\/wp-json\/wp\/v2\/posts\/13804\/revisions"}],"predecessor-version":[{"id":13805,"href":"https:\/\/live-kora-tv.com\/fr\/wp-json\/wp\/v2\/posts\/13804\/revisions\/13805"}],"wp:featuredmedia":[{"embeddable":true,"href":"https:\/\/live-kora-tv.com\/fr\/wp-json\/wp\/v2\/media\/13802"}],"wp:attachment":[{"href":"https:\/\/live-kora-tv.com\/fr\/wp-json\/wp\/v2\/media?parent=13804"}],"wp:term":[{"taxonomy":"category","embeddable":true,"href":"https:\/\/live-kora-tv.com\/fr\/wp-json\/wp\/v2\/categories?post=13804"},{"taxonomy":"post_tag","embeddable":true,"href":"https:\/\/live-kora-tv.com\/fr\/wp-json\/wp\/v2\/tags?post=13804"}],"curies":[{"name":"wp","href":"https:\/\/api.w.org\/{rel}","templated":true}]}}