{"id":13830,"date":"2026-01-27T17:12:33","date_gmt":"2026-01-27T15:12:33","guid":{"rendered":"https:\/\/live-kora-tv.com\/bientot-de-nouvelles-lignes-de-bus-entre-sousse-et-tunis\/"},"modified":"2026-01-27T17:12:36","modified_gmt":"2026-01-27T15:12:36","slug":"bientot-de-nouvelles-lignes-de-bus-entre-sousse-et-tunis","status":"publish","type":"post","link":"https:\/\/live-kora-tv.com\/fr\/bientot-de-nouvelles-lignes-de-bus-entre-sousse-et-tunis\/","title":{"rendered":"Bient\u00f4t de nouvelles lignes de bus entre Sousse et Tunis"},"content":{"rendered":"\n<p>Le minist\u00e8re tunisien du Transport a annonc\u00e9 le lancement de nouvelles lignes de bus reliant Sousse \u00e0 la capitale Tunis, dans le cadre du renforcement du r\u00e9seau de transport public entre les r\u00e9gions et de la facilitation de la mobilit\u00e9 quotidienne des citoyens. <\/p>\n\n<p>Les nouvelles liaisons commenceront \u00e0 \u00eatre exploit\u00e9es \u00e0 partir du dimanche 1er f\u00e9vrier 2026, avec plusieurs vols quotidiens dans les deux sens, offrant des options plus flexibles aux voyageurs par rapport \u00e0 l&rsquo;horaire pr\u00e9c\u00e9dent.  <\/p>\n\n<h3 class=\"wp-block-heading\">D\u00e9tails des nouvelles lignes<\/h3>\n\n<ul class=\"wp-block-list\">\n<li><strong>Vols quotidiens<\/strong>: Il y aura 6 vols quotidiens dans chaque direction (3 heures du matin et 3 heures de l&rsquo;apr\u00e8s-midi), avec la possibilit\u00e9 d&rsquo;augmenter le nombre de vols aux heures de pointe.<\/li>\n\n\n\n<li><strong>Points de d\u00e9part et d&rsquo;arriv\u00e9e<\/strong>:\n<ul class=\"wp-block-list\">\n<li>Depuis Sousse : Gare routi\u00e8re principale (M\u00e9dina de Sousse). <\/li>\n\n\n\n<li>Pour Tunis : Gare de Bab Alioua et gare de Tunis Grande (baie de Moncef). <\/li>\n<\/ul>\n<\/li>\n\n\n\n<li><strong>Horaires pr\u00e9vus<\/strong>: Les premiers vols partent \u00e0 05h30 et les derniers arrivent apr\u00e8s minuit.<\/li>\n\n\n\n<li><strong>Les prix<\/strong>: Le minist\u00e8re n&rsquo;a pas encore finalis\u00e9 les nouveaux prix, mais a confirm\u00e9 qu&rsquo;ils seront abordables et annonc\u00e9s quelques jours avant le d\u00e9but de l&rsquo;op\u00e9ration.<\/li>\n<\/ul>\n\n<h3 class=\"wp-block-heading\">Objectifs du projet<\/h3>\n\n<p>Le lancement de ces lignes vise \u00e0 :<\/p>\n\n<ul class=\"wp-block-list\">\n<li>R\u00e9duire la pression sur la chauss\u00e9e et d\u00e9congestionner le trafic.<\/li>\n\n\n\n<li>Il s&rsquo;agit d&rsquo;une alternative \u00e9conomique et s\u00fbre aux voitures priv\u00e9es ou aux bagages.<\/li>\n\n\n\n<li>Am\u00e9lioration de la connectivit\u00e9 entre Sousse, la deuxi\u00e8me ville de Tunisie, et la capitale, facilitant l&rsquo;acc\u00e8s au travail, aux \u00e9tudes et aux traitements m\u00e9dicaux.  <\/li>\n<\/ul>\n\n<p>Cette initiative r\u00e9pond aux demandes r\u00e9p\u00e9t\u00e9es des citoyens et des professionnels de la r\u00e9gion et s&rsquo;inscrit dans le cadre d&rsquo;un plan global de modernisation de la flotte de transport interurbain et d&rsquo;am\u00e9lioration des services. <\/p>\n\n<h3 class=\"wp-block-heading\">Conseils aux voyageurs<\/h3>\n\n<ul class=\"wp-block-list\">\n<li>Il est pr\u00e9f\u00e9rable de r\u00e9server les billets \u00e0 l&rsquo;avance via les applications officielles ou les guichets afin d&rsquo;\u00e9viter les foules les premiers jours.<\/li>\n\n\n\n<li>Suivez les mises \u00e0 jour quotidiennes sur les pages du minist\u00e8re des Transports et de la Soci\u00e9t\u00e9 nationale de transport interurbain pour tout changement \u00e9ventuel de calendrier ou d&rsquo;horaire.<\/li>\n<\/ul>\n\n<p>Ces lignes constituent un compl\u00e9ment important au r\u00e9seau de transport public et devraient attirer un grand nombre de voyageurs r\u00e9guliers entre les deux destinations. <\/p>\n","protected":false},"excerpt":{"rendered":"<p>Le minist\u00e8re tunisien du Transport a annonc\u00e9 le lancement de nouvelles lignes de bus reliant Sousse \u00e0 la capitale Tunis, dans le cadre du renforcement du r\u00e9seau de transport public entre les r\u00e9gions et de la facilitation de la mobilit\u00e9 quotidienne des citoyens. Les nouvelles liaisons commenceront \u00e0 \u00eatre exploit\u00e9es \u00e0 partir du dimanche 1er [&hellip;]<\/p>\n","protected":false},"author":4,"featured_media":13828,"comment_status":"open","ping_status":"open","sticky":false,"template":"","format":"standard","meta":{"footnotes":""},"categories":[68],"tags":[],"class_list":{"0":"post-13830","1":"post","2":"type-post","3":"status-publish","4":"format-standard","5":"has-post-thumbnail","7":"category-communaute"},"_links":{"self":[{"href":"https:\/\/live-kora-tv.com\/fr\/wp-json\/wp\/v2\/posts\/13830","targetHints":{"allow":["GET"]}}],"collection":[{"href":"https:\/\/live-kora-tv.com\/fr\/wp-json\/wp\/v2\/posts"}],"about":[{"href":"https:\/\/live-kora-tv.com\/fr\/wp-json\/wp\/v2\/types\/post"}],"author":[{"embeddable":true,"href":"https:\/\/live-kora-tv.com\/fr\/wp-json\/wp\/v2\/users\/4"}],"replies":[{"embeddable":true,"href":"https:\/\/live-kora-tv.com\/fr\/wp-json\/wp\/v2\/comments?post=13830"}],"version-history":[{"count":1,"href":"https:\/\/live-kora-tv.com\/fr\/wp-json\/wp\/v2\/posts\/13830\/revisions"}],"predecessor-version":[{"id":13831,"href":"https:\/\/live-kora-tv.com\/fr\/wp-json\/wp\/v2\/posts\/13830\/revisions\/13831"}],"wp:featuredmedia":[{"embeddable":true,"href":"https:\/\/live-kora-tv.com\/fr\/wp-json\/wp\/v2\/media\/13828"}],"wp:attachment":[{"href":"https:\/\/live-kora-tv.com\/fr\/wp-json\/wp\/v2\/media?parent=13830"}],"wp:term":[{"taxonomy":"category","embeddable":true,"href":"https:\/\/live-kora-tv.com\/fr\/wp-json\/wp\/v2\/categories?post=13830"},{"taxonomy":"post_tag","embeddable":true,"href":"https:\/\/live-kora-tv.com\/fr\/wp-json\/wp\/v2\/tags?post=13830"}],"curies":[{"name":"wp","href":"https:\/\/api.w.org\/{rel}","templated":true}]}}