{"id":13842,"date":"2026-01-28T10:09:33","date_gmt":"2026-01-28T08:09:33","guid":{"rendered":"https:\/\/live-kora-tv.com\/la-tunisie-accelere-les-mesures-visant-a-convertir-la-dette-en-investissements-de-developpement\/"},"modified":"2026-01-28T10:09:36","modified_gmt":"2026-01-28T08:09:36","slug":"la-tunisie-accelere-les-mesures-visant-a-convertir-la-dette-en-investissements-de-developpement","status":"publish","type":"post","link":"https:\/\/live-kora-tv.com\/fr\/la-tunisie-accelere-les-mesures-visant-a-convertir-la-dette-en-investissements-de-developpement\/","title":{"rendered":"La Tunisie acc\u00e9l\u00e8re les mesures visant \u00e0 convertir la dette en investissements de d\u00e9veloppement"},"content":{"rendered":"\n<p>Le mardi 27 janvier 2026, le Premier ministre Sara Zanzari Zanzari a pr\u00e9sid\u00e9 un conseil mini-minist\u00e9riel consacr\u00e9 \u00e0 l&rsquo;\u00e9tude du programme de conversion des dettes de la Tunisie en investissements orient\u00e9s vers de nouveaux projets de d\u00e9veloppement \u00e0 forte valeur \u00e9conomique.  <\/p>\n\n<p>Le programme vise \u00e0 stimuler les indicateurs sociaux, \u00e9conomiques et environnementaux dans diff\u00e9rentes r\u00e9gions du pays, tout en cr\u00e9ant des opportunit\u00e9s d&#8217;emploi nouvelles et durables, selon un communiqu\u00e9 publi\u00e9 par la pr\u00e9sidence du gouvernement. Les projets inclus dans le programme doivent r\u00e9pondre \u00e0 des priorit\u00e9s nationales claires et avoir une viabilit\u00e9 \u00e9conomique prouv\u00e9e, selon le communiqu\u00e9.   <\/p>\n\n<p>\u00c0 la fin de la session, le Conseil a recommand\u00e9 de poursuivre les n\u00e9gociations avec les partenaires internationaux dans le cadre du m\u00e9canisme de conversion de la dette en investissement. Cette voie est appel\u00e9e \u00e0 soutenir la croissance \u00e9conomique, \u00e0 promouvoir la justice sociale et \u00e0 r\u00e9aliser un d\u00e9veloppement \u00e9quilibr\u00e9 et global qui r\u00e9ponde aux aspirations des citoyens.    <\/p>\n\n<p><strong>Une priorit\u00e9 strat\u00e9gique nationale<\/strong><\/p>\n\n<p>Le Premier ministre a soulign\u00e9 l&rsquo;importance de la conversion des dettes \u00e9trang\u00e8res en investissements directs dans des projets de d\u00e9veloppement prioritaires, notant que ce m\u00e9canisme est l&rsquo;un des outils de coop\u00e9ration bilat\u00e9rale les plus efficaces, en raison de sa capacit\u00e9 \u00e0 r\u00e9duire le fardeau de la dette publique et \u00e0 offrir une plus grande flexibilit\u00e9 dans les proc\u00e9dures.  <\/p>\n\n<p>Mme Sara Zanzari Zanzari a soulign\u00e9 que les projets seront s\u00e9lectionn\u00e9s en fonction des priorit\u00e9s nationales fix\u00e9es par la Tunisie elle-m\u00eame, ce qui confirme la souverainet\u00e9 de l&rsquo;Etat dans l&rsquo;\u00e9laboration de ses orientations de d\u00e9veloppement. <\/p>\n\n<p><strong>Un m\u00e9canisme \u00e0 double dimension strat\u00e9gique<\/strong><\/p>\n\n<p>Le m\u00e9canisme de conversion de la dette en investissement est une solution \u00e0 double avantage : D&rsquo;une part, il all\u00e8ge le fardeau de la dette publique et, d&rsquo;autre part, il transforme une partie des obligations financi\u00e8res en projets r\u00e9els ayant un impact \u00e9conomique, social et environnemental tangible. Cette initiative s&rsquo;inscrit dans une strat\u00e9gie nationale plus large visant \u00e0 promouvoir l&rsquo;investissement productif et \u00e0 am\u00e9liorer le climat des affaires, en mettant l&rsquo;accent sur l&rsquo;internalisation et le d\u00e9veloppement \u00e9quilibr\u00e9.    <\/p>\n","protected":false},"excerpt":{"rendered":"<p>Le mardi 27 janvier 2026, le Premier ministre Sara Zanzari Zanzari a pr\u00e9sid\u00e9 un conseil mini-minist\u00e9riel consacr\u00e9 \u00e0 l&rsquo;\u00e9tude du programme de conversion des dettes de la Tunisie en investissements orient\u00e9s vers de nouveaux projets de d\u00e9veloppement \u00e0 forte valeur \u00e9conomique. Le programme vise \u00e0 stimuler les indicateurs sociaux, \u00e9conomiques et environnementaux dans diff\u00e9rentes r\u00e9gions [&hellip;]<\/p>\n","protected":false},"author":4,"featured_media":13840,"comment_status":"open","ping_status":"open","sticky":false,"template":"","format":"standard","meta":{"footnotes":""},"categories":[24],"tags":[],"class_list":{"0":"post-13842","1":"post","2":"type-post","3":"status-publish","4":"format-standard","5":"has-post-thumbnail","7":"category-economie-et-affaires"},"_links":{"self":[{"href":"https:\/\/live-kora-tv.com\/fr\/wp-json\/wp\/v2\/posts\/13842","targetHints":{"allow":["GET"]}}],"collection":[{"href":"https:\/\/live-kora-tv.com\/fr\/wp-json\/wp\/v2\/posts"}],"about":[{"href":"https:\/\/live-kora-tv.com\/fr\/wp-json\/wp\/v2\/types\/post"}],"author":[{"embeddable":true,"href":"https:\/\/live-kora-tv.com\/fr\/wp-json\/wp\/v2\/users\/4"}],"replies":[{"embeddable":true,"href":"https:\/\/live-kora-tv.com\/fr\/wp-json\/wp\/v2\/comments?post=13842"}],"version-history":[{"count":1,"href":"https:\/\/live-kora-tv.com\/fr\/wp-json\/wp\/v2\/posts\/13842\/revisions"}],"predecessor-version":[{"id":13843,"href":"https:\/\/live-kora-tv.com\/fr\/wp-json\/wp\/v2\/posts\/13842\/revisions\/13843"}],"wp:featuredmedia":[{"embeddable":true,"href":"https:\/\/live-kora-tv.com\/fr\/wp-json\/wp\/v2\/media\/13840"}],"wp:attachment":[{"href":"https:\/\/live-kora-tv.com\/fr\/wp-json\/wp\/v2\/media?parent=13842"}],"wp:term":[{"taxonomy":"category","embeddable":true,"href":"https:\/\/live-kora-tv.com\/fr\/wp-json\/wp\/v2\/categories?post=13842"},{"taxonomy":"post_tag","embeddable":true,"href":"https:\/\/live-kora-tv.com\/fr\/wp-json\/wp\/v2\/tags?post=13842"}],"curies":[{"name":"wp","href":"https:\/\/api.w.org\/{rel}","templated":true}]}}