{"id":13848,"date":"2026-01-28T11:19:18","date_gmt":"2026-01-28T09:19:18","guid":{"rendered":"https:\/\/live-kora-tv.com\/les-etats-unis-deploient-des-dizaines-davions-militaires-au-moyen-orient-que-se-passe-t-il\/"},"modified":"2026-01-28T11:19:21","modified_gmt":"2026-01-28T09:19:21","slug":"les-etats-unis-deploient-des-dizaines-davions-militaires-au-moyen-orient-que-se-passe-t-il","status":"publish","type":"post","link":"https:\/\/live-kora-tv.com\/fr\/les-etats-unis-deploient-des-dizaines-davions-militaires-au-moyen-orient-que-se-passe-t-il\/","title":{"rendered":"Les \u00c9tats-Unis d\u00e9ploient des dizaines d&rsquo;avions militaires au Moyen-Orient Que se passe-t-il ?"},"content":{"rendered":"\n<p>Les forces am\u00e9ricaines continuent d&rsquo;accro\u00eetre leur pr\u00e9sence militaire au Moyen-Orient dans un contexte d&rsquo;escalade des tensions avec l&rsquo;Iran. L&rsquo;US Air Force a d\u00e9ploy\u00e9 au moins 41 avions-cargos C-17A Globemaster III et un C-5M Super Galaxy sur ses bases dans la r\u00e9gion entre le 18 et le 26 janvier, selon les donn\u00e9es du Defence Blog.  <\/p>\n\n<h3 class=\"wp-block-heading\">Un mouvement logistique sans pr\u00e9c\u00e9dent<\/h3>\n\n<p>Les donn\u00e9es des syst\u00e8mes publics de suivi des vols indiquent que les avions provenaient principalement des bases am\u00e9ricaines et alli\u00e9es en Allemagne (Ramstein et Spangdahlem) et en Grande-Bretagne (Lakenheath), et qu&rsquo;ils ont atterri sur les principales bases de la r\u00e9gion : Al Udeid au Qatar, Muwaffaq Al Salti en Jordanie, Ali Al Salem au Kowe\u00eft, Prince Sultan en Arabie Saoudite et des installations \u00e0 Bahre\u00efn.      <\/p>\n\n<p>Rien que le 25 janvier, plusieurs C-17A et un C-5M sont arriv\u00e9s, ce qui repr\u00e9sente l&rsquo;un des taux les plus \u00e9lev\u00e9s de transport a\u00e9rien vers le Moyen-Orient au cours des derniers mois.  <\/p>\n\n<h3 class=\"wp-block-heading\">Synchronis\u00e9 avec l&rsquo;arriv\u00e9e du porte-avions Abraham Lincoln<\/h3>\n\n<p>Cette d\u00e9cision co\u00efncide avec l&rsquo;entr\u00e9e du groupe de porte-avions Abraham Lincoln dans l&rsquo;oc\u00e9an Indien et son approche de la zone d&rsquo;op\u00e9rations du commandement central am\u00e9ricain, ce qui renforce la capacit\u00e9 de Washington \u00e0 mener rapidement des op\u00e9rations offensives ou d\u00e9fensives en cas d&rsquo;escalade des tensions. <\/p>\n\n<h3 class=\"wp-block-heading\">Contexte : Escalade apr\u00e8s les manifestations en Iran <\/h3>\n\n<p>Ces mesures ont \u00e9t\u00e9 prises \u00e0 la suite de vastes manifestations en Iran et d&rsquo;une r\u00e9ponse s\u00e9v\u00e8re des autorit\u00e9s, ce qui a suscit\u00e9 une condamnation internationale. Le pr\u00e9sident Trump a menac\u00e9 de \u00ab\u00a0graves cons\u00e9quences\u00a0\u00bb si les ex\u00e9cutions se poursuivaient, notant que la fr\u00e9quence des ex\u00e9cutions avait r\u00e9cemment diminu\u00e9.   <\/p>\n\n<h3 class=\"wp-block-heading\">Position des \u00c9tats du Golfe<\/h3>\n\n<p>Les \u00c9mirats arabes unis ont officiellement annonc\u00e9 leur refus d&rsquo;utiliser leur espace a\u00e9rien ou leurs eaux territoriales pour toute op\u00e9ration militaire contre l&rsquo;Iran, tandis que l&rsquo;Arabie saoudite, Oman, le Qatar et la Turquie se sont oppos\u00e9s \u00e0 toute escalade susceptible de d\u00e9boucher sur une guerre r\u00e9gionale plus vaste. <\/p>\n\n<h3 class=\"wp-block-heading\">Analyse d&rsquo;experts<\/h3>\n\n<p>Les experts interpr\u00e8tent cet important renforcement logistique comme un signal de la pr\u00e9paration des \u00c9tats-Unis \u00e0 de multiples sc\u00e9narios, qu&rsquo;il s&rsquo;agisse de d\u00e9fendre les forces et leurs alli\u00e9s ou d&rsquo;effectuer d&rsquo;\u00e9ventuelles frappes de pr\u00e9cision. Le volume du fret a\u00e9rien t\u00e9moigne du transfert de syst\u00e8mes de d\u00e9fense a\u00e9rienne avanc\u00e9s, d&rsquo;armes de haute pr\u00e9cision et d&rsquo;\u00e9quipements d&rsquo;appui a\u00e9rien vers des sites avanc\u00e9s.   <\/p>\n","protected":false},"excerpt":{"rendered":"<p>Les forces am\u00e9ricaines continuent d&rsquo;accro\u00eetre leur pr\u00e9sence militaire au Moyen-Orient dans un contexte d&rsquo;escalade des tensions avec l&rsquo;Iran. L&rsquo;US Air Force a d\u00e9ploy\u00e9 au moins 41 avions-cargos C-17A Globemaster III et un C-5M Super Galaxy sur ses bases dans la r\u00e9gion entre le 18 et le 26 janvier, selon les donn\u00e9es du Defence Blog. Un [&hellip;]<\/p>\n","protected":false},"author":4,"featured_media":13846,"comment_status":"open","ping_status":"open","sticky":false,"template":"","format":"standard","meta":{"footnotes":""},"categories":[69],"tags":[],"class_list":{"0":"post-13848","1":"post","2":"type-post","3":"status-publish","4":"format-standard","5":"has-post-thumbnail","7":"category-nouvelles-du-monde"},"_links":{"self":[{"href":"https:\/\/live-kora-tv.com\/fr\/wp-json\/wp\/v2\/posts\/13848","targetHints":{"allow":["GET"]}}],"collection":[{"href":"https:\/\/live-kora-tv.com\/fr\/wp-json\/wp\/v2\/posts"}],"about":[{"href":"https:\/\/live-kora-tv.com\/fr\/wp-json\/wp\/v2\/types\/post"}],"author":[{"embeddable":true,"href":"https:\/\/live-kora-tv.com\/fr\/wp-json\/wp\/v2\/users\/4"}],"replies":[{"embeddable":true,"href":"https:\/\/live-kora-tv.com\/fr\/wp-json\/wp\/v2\/comments?post=13848"}],"version-history":[{"count":1,"href":"https:\/\/live-kora-tv.com\/fr\/wp-json\/wp\/v2\/posts\/13848\/revisions"}],"predecessor-version":[{"id":13849,"href":"https:\/\/live-kora-tv.com\/fr\/wp-json\/wp\/v2\/posts\/13848\/revisions\/13849"}],"wp:featuredmedia":[{"embeddable":true,"href":"https:\/\/live-kora-tv.com\/fr\/wp-json\/wp\/v2\/media\/13846"}],"wp:attachment":[{"href":"https:\/\/live-kora-tv.com\/fr\/wp-json\/wp\/v2\/media?parent=13848"}],"wp:term":[{"taxonomy":"category","embeddable":true,"href":"https:\/\/live-kora-tv.com\/fr\/wp-json\/wp\/v2\/categories?post=13848"},{"taxonomy":"post_tag","embeddable":true,"href":"https:\/\/live-kora-tv.com\/fr\/wp-json\/wp\/v2\/tags?post=13848"}],"curies":[{"name":"wp","href":"https:\/\/api.w.org\/{rel}","templated":true}]}}