{"id":13877,"date":"2026-01-28T17:01:29","date_gmt":"2026-01-28T15:01:29","guid":{"rendered":"https:\/\/live-kora-tv.com\/ouragan-harry-etat-durgence-et-evacuations-en-italie\/"},"modified":"2026-01-28T17:01:32","modified_gmt":"2026-01-28T15:01:32","slug":"ouragan-harry-etat-durgence-et-evacuations-en-italie","status":"publish","type":"post","link":"https:\/\/live-kora-tv.com\/fr\/ouragan-harry-etat-durgence-et-evacuations-en-italie\/","title":{"rendered":"Ouragan Harry : \u00c9tat d&rsquo;urgence et \u00e9vacuations en Italie"},"content":{"rendered":"\n<p>Le gouvernement italien a d\u00e9clar\u00e9 l&rsquo;\u00e9tat d&rsquo;urgence \u00e0 l&rsquo;\u00e9chelle nationale pour une dur\u00e9e de 12 mois, prorogeable d&rsquo;une ann\u00e9e suppl\u00e9mentaire, afin de faciliter les op\u00e9rations de secours, d&rsquo;indemnisation et de reconstruction dans les zones touch\u00e9es. <\/p>\n\n<p>Les pertes initiales pour la seule Sicile ont \u00e9t\u00e9 estim\u00e9es \u00e0 plus de 1,5 milliard d&rsquo;euros, avec des dommages importants aux infrastructures et aux installations touristiques, en particulier dans le centre touristique populaire de Taormina. Le gouverneur de la Sicile, Renato Scivani, a d\u00e9clar\u00e9 : \u00ab\u00a0Il s&rsquo;agit d&rsquo;une situation d&rsquo;urgence qui a entra\u00een\u00e9 la destruction de l&rsquo;une des principales zones touristiques et d&rsquo;accueil de la Sicile, Taormina. Par cons\u00e9quent, nous craignons \u00e9galement l&rsquo;effondrement de l&rsquo;infrastructure touristique de la r\u00e9gion, qui constituait le PIB du secteur du tourisme et de l&rsquo;h\u00f4tellerie de la Sicile\u00a0\u00bb, a d\u00e9clar\u00e9 le gouverneur de la Sicile, Renato Scivani.      <\/p>\n\n<p>Dans la ville de Niscemi, au sud de la Sicile, l&rsquo;ouragan a provoqu\u00e9 un glissement de terrain qui s&rsquo;est \u00e9tendu sur 4 kilom\u00e8tres, obligeant les autorit\u00e9s \u00e0 \u00e9vacuer environ 1 500 personnes. Le maire, Massimiliano Conti, a qualifi\u00e9 la situation de \u00ab\u00a0critique\u00a0\u00bb et a exhort\u00e9 les habitants \u00e0 rester chez eux et \u00e0 ne pas s&rsquo;approcher des zones dangereuses. Il a d\u00e9clar\u00e9 dans un message vid\u00e9o : \u00ab\u00a0Il s&rsquo;agit d&rsquo;un glissement de terrain tragique. Heureusement, il n&rsquo;y a pas de bless\u00e9s, seulement des d\u00e9g\u00e2ts aux maisons. La situation est grave, car le sol continue de bouger et la pluie entrave les op\u00e9rations de sauvetage et le travail technique\u00a0\u00bb, a-t-il d\u00e9clar\u00e9 dans un message vid\u00e9o.          <\/p>\n\n<p>Le ministre italien de la protection civile, Nello Mozumeci, a annonc\u00e9 l&rsquo;octroi d&rsquo;une premi\u00e8re aide d&rsquo;urgence de 100 millions d&rsquo;euros, indiquant que le gouvernement prendra bient\u00f4t une d\u00e9cision interminist\u00e9rielle pour reconstruire et remettre en \u00e9tat les infrastructures endommag\u00e9es. Le pr\u00e9sident de la Sicile a estim\u00e9 les pertes initiales de l&rsquo;\u00eele \u00e0 740 millions d&rsquo;euros et s&rsquo;attend \u00e0 ce que le chiffre final soit doubl\u00e9.   <\/p>\n\n<h2 class=\"wp-block-heading\">L&rsquo;impact de l&rsquo;ouragan sur la Tunisie<\/h2>\n\n<p>Les effets de l&rsquo;ouragan se sont \u00e9tendus aux c\u00f4tes sud et est de la Tunisie, avec des vents violents d\u00e9passant 90 km\/h dans certaines zones, et des vagues atteignant plus de 7 m\u00e8tres au large de Zarzis, Gabes et Sfax. Ces conditions ont entra\u00een\u00e9 la fermeture temporaire de certains petits ports, des dommages \u00e0 certaines installations touristiques et de p\u00eache, et des inondations limit\u00e9es dans les zones de basse altitude.     <\/p>\n\n<p>Les autorit\u00e9s tunisiennes ont appel\u00e9 les citoyens \u00e0 faire preuve de prudence et \u00e0 ne pas s&rsquo;approcher des plages et des zones expos\u00e9es au cours de la p\u00e9riode \u00e9coul\u00e9e, tandis que les services de protection civile ont confirm\u00e9 que les d\u00e9g\u00e2ts en Tunisie \u00e9taient limit\u00e9s par rapport \u00e0 son voisin italien. <\/p>\n","protected":false},"excerpt":{"rendered":"<p>Le gouvernement italien a d\u00e9clar\u00e9 l&rsquo;\u00e9tat d&rsquo;urgence \u00e0 l&rsquo;\u00e9chelle nationale pour une dur\u00e9e de 12 mois, prorogeable d&rsquo;une ann\u00e9e suppl\u00e9mentaire, afin de faciliter les op\u00e9rations de secours, d&rsquo;indemnisation et de reconstruction dans les zones touch\u00e9es. Les pertes initiales pour la seule Sicile ont \u00e9t\u00e9 estim\u00e9es \u00e0 plus de 1,5 milliard d&rsquo;euros, avec des dommages importants [&hellip;]<\/p>\n","protected":false},"author":4,"featured_media":13876,"comment_status":"open","ping_status":"open","sticky":false,"template":"","format":"standard","meta":{"footnotes":""},"categories":[69],"tags":[],"class_list":{"0":"post-13877","1":"post","2":"type-post","3":"status-publish","4":"format-standard","5":"has-post-thumbnail","7":"category-nouvelles-du-monde"},"_links":{"self":[{"href":"https:\/\/live-kora-tv.com\/fr\/wp-json\/wp\/v2\/posts\/13877","targetHints":{"allow":["GET"]}}],"collection":[{"href":"https:\/\/live-kora-tv.com\/fr\/wp-json\/wp\/v2\/posts"}],"about":[{"href":"https:\/\/live-kora-tv.com\/fr\/wp-json\/wp\/v2\/types\/post"}],"author":[{"embeddable":true,"href":"https:\/\/live-kora-tv.com\/fr\/wp-json\/wp\/v2\/users\/4"}],"replies":[{"embeddable":true,"href":"https:\/\/live-kora-tv.com\/fr\/wp-json\/wp\/v2\/comments?post=13877"}],"version-history":[{"count":1,"href":"https:\/\/live-kora-tv.com\/fr\/wp-json\/wp\/v2\/posts\/13877\/revisions"}],"predecessor-version":[{"id":13878,"href":"https:\/\/live-kora-tv.com\/fr\/wp-json\/wp\/v2\/posts\/13877\/revisions\/13878"}],"wp:featuredmedia":[{"embeddable":true,"href":"https:\/\/live-kora-tv.com\/fr\/wp-json\/wp\/v2\/media\/13876"}],"wp:attachment":[{"href":"https:\/\/live-kora-tv.com\/fr\/wp-json\/wp\/v2\/media?parent=13877"}],"wp:term":[{"taxonomy":"category","embeddable":true,"href":"https:\/\/live-kora-tv.com\/fr\/wp-json\/wp\/v2\/categories?post=13877"},{"taxonomy":"post_tag","embeddable":true,"href":"https:\/\/live-kora-tv.com\/fr\/wp-json\/wp\/v2\/tags?post=13877"}],"curies":[{"name":"wp","href":"https:\/\/api.w.org\/{rel}","templated":true}]}}