{"id":13907,"date":"2026-01-29T13:32:52","date_gmt":"2026-01-29T11:32:52","guid":{"rendered":"https:\/\/live-kora-tv.com\/la-tunisie-et-washington-etablissent-un-nouveau-partenariat-strategique-dans-le-domaine-de-laviation-civile\/"},"modified":"2026-01-29T13:32:55","modified_gmt":"2026-01-29T11:32:55","slug":"la-tunisie-et-washington-etablissent-un-nouveau-partenariat-strategique-dans-le-domaine-de-laviation-civile","status":"publish","type":"post","link":"https:\/\/live-kora-tv.com\/fr\/la-tunisie-et-washington-etablissent-un-nouveau-partenariat-strategique-dans-le-domaine-de-laviation-civile\/","title":{"rendered":"La Tunisie et Washington \u00e9tablissent un nouveau partenariat strat\u00e9gique dans le domaine de l&rsquo;aviation civile"},"content":{"rendered":"\n<p>La Tunisie a annonc\u00e9 le d\u00e9but d&rsquo;une phase prometteuse de coop\u00e9ration avec les Etats-Unis dans le secteur du transport a\u00e9rien, lors d&rsquo;une r\u00e9union de haut niveau consacr\u00e9e au d\u00e9veloppement de l&rsquo;industrie a\u00e9ronautique et au renforcement des partenariats internationaux. Le ministre du transport, Rachid Amri, a d\u00e9clar\u00e9 que cette initiative repr\u00e9sentait un \u00ab\u00a0bon d\u00e9part\u00a0\u00bb qui conna\u00eetra un d\u00e9veloppement important dans les mois \u00e0 venir.  <\/p>\n\n<p>Le ministre a expliqu\u00e9 que le secteur de l&rsquo;aviation conna\u00eet des transformations rapides au niveau mondial, sous l&rsquo;effet des innovations technologiques et des exigences croissantes en mati\u00e8re de s\u00e9curit\u00e9 et de s\u00fbret\u00e9. Dans ce contexte, la Tunisie cherche \u00e0 construire des partenariats solides bas\u00e9s sur des fondements scientifiques, techniques et commerciaux, tout en assurant des retours \u00e9conomiques tangibles et un impact positif sur la croissance de l&rsquo;ensemble du secteur.    <\/p>\n\n<p><strong>La s\u00e9curit\u00e9 est une priorit\u00e9<\/strong><\/p>\n\n<p>Le ministre a soulign\u00e9 que la s\u00e9curit\u00e9 et la s\u00fbret\u00e9 a\u00e9riennes constituent la pierre angulaire de toute coop\u00e9ration dans le domaine de l&rsquo;aviation. Il a soulign\u00e9 qu&rsquo;aucun avion ne peut d\u00e9coller tant que les normes de maintenance, la formation des \u00e9quipages et la gestion des op\u00e9rations a\u00e9riennes ne sont pas pleinement respect\u00e9es. Ces principes sont au c\u0153ur du programme de coop\u00e9ration en cours de n\u00e9gociation avec les \u00c9tats-Unis.    <\/p>\n\n<p>Des consultations ont d\u00e9j\u00e0 commenc\u00e9 avec Tunisair et les parties prenantes pour d\u00e9finir un cadre commun. Un programme d\u00e9taill\u00e9 est en cours d&rsquo;\u00e9laboration et d&rsquo;autres r\u00e9unions se tiendront au cours du mois prochain pour identifier les m\u00e9canismes de partenariat dans les domaines de l&rsquo;investissement, de la coop\u00e9ration commerciale et de la s\u00e9curit\u00e9 a\u00e9rienne.    <\/p>\n\n<p><strong>Les \u00c9tats-Unis mobilisent leur expertise et leur technologie<\/strong><\/p>\n\n<p>La r\u00e9union s&rsquo;est d\u00e9roul\u00e9e en pr\u00e9sence de l&rsquo;ambassadeur am\u00e9ricain en Tunisie, Bill Bazzi, qui a r\u00e9it\u00e9r\u00e9 l&rsquo;engagement de son pays \u00e0 soutenir la Tunisie dans ce processus. Il a indiqu\u00e9 qu&rsquo;un certain nombre de grandes entreprises am\u00e9ricaines, y compris des experts de haut niveau, ont \u00e9t\u00e9 mobilis\u00e9es pour contribuer au d\u00e9veloppement de l&rsquo;infrastructure a\u00e9roportuaire et au transfert de technologies avanc\u00e9es.    <\/p>\n\n<p>L&rsquo;ambassadeur a rappel\u00e9 sa longue exp\u00e9rience professionnelle dans le secteur de l&rsquo;aviation, ayant travaill\u00e9 auparavant pour Boeing et supervis\u00e9 plusieurs programmes a\u00e9roportuaires aux \u00c9tats-Unis. Il a soulign\u00e9 que la qualit\u00e9 des a\u00e9roports est la premi\u00e8re impression des visiteurs et que les \u00c9tats-Unis sont d\u00e9sireux de partager leur technologie, leur expertise et leurs produits avec les partenaires tunisiens afin de faire de l&rsquo;arriv\u00e9e en Tunisie une exp\u00e9rience positive et confortable pour les voyageurs.   <\/p>\n\n<p><strong>D\u00e9veloppement de l&rsquo;a\u00e9roport de Tunis-Carthage et renforcement des a\u00e9roports r\u00e9gionaux<\/strong><\/p>\n\n<p>Le ministre a discut\u00e9 du projet d&rsquo;expansion de l&rsquo;a\u00e9roport international de Tunis-Carthage &#8211; la principale porte d&rsquo;entr\u00e9e du pays &#8211; qui est mis en \u0153uvre en deux phases pour augmenter la capacit\u00e9 entre 15 et 18 millions de passagers par an. Ce projet fait partie d&rsquo;une vision plus large qui comprend le d\u00e9veloppement des a\u00e9roports r\u00e9gionaux afin de renforcer leur r\u00f4le dans le transport domestique, touristique et commercial et de parvenir \u00e0 un d\u00e9veloppement \u00e9quilibr\u00e9 dans les r\u00e9gions.   <\/p>\n","protected":false},"excerpt":{"rendered":"<p>La Tunisie a annonc\u00e9 le d\u00e9but d&rsquo;une phase prometteuse de coop\u00e9ration avec les Etats-Unis dans le secteur du transport a\u00e9rien, lors d&rsquo;une r\u00e9union de haut niveau consacr\u00e9e au d\u00e9veloppement de l&rsquo;industrie a\u00e9ronautique et au renforcement des partenariats internationaux. Le ministre du transport, Rachid Amri, a d\u00e9clar\u00e9 que cette initiative repr\u00e9sentait un \u00ab\u00a0bon d\u00e9part\u00a0\u00bb qui conna\u00eetra [&hellip;]<\/p>\n","protected":false},"author":4,"featured_media":13905,"comment_status":"open","ping_status":"open","sticky":false,"template":"","format":"standard","meta":{"footnotes":""},"categories":[25],"tags":[],"class_list":{"0":"post-13907","1":"post","2":"type-post","3":"status-publish","4":"format-standard","5":"has-post-thumbnail","7":"category-actualites-politiques"},"_links":{"self":[{"href":"https:\/\/live-kora-tv.com\/fr\/wp-json\/wp\/v2\/posts\/13907","targetHints":{"allow":["GET"]}}],"collection":[{"href":"https:\/\/live-kora-tv.com\/fr\/wp-json\/wp\/v2\/posts"}],"about":[{"href":"https:\/\/live-kora-tv.com\/fr\/wp-json\/wp\/v2\/types\/post"}],"author":[{"embeddable":true,"href":"https:\/\/live-kora-tv.com\/fr\/wp-json\/wp\/v2\/users\/4"}],"replies":[{"embeddable":true,"href":"https:\/\/live-kora-tv.com\/fr\/wp-json\/wp\/v2\/comments?post=13907"}],"version-history":[{"count":1,"href":"https:\/\/live-kora-tv.com\/fr\/wp-json\/wp\/v2\/posts\/13907\/revisions"}],"predecessor-version":[{"id":13908,"href":"https:\/\/live-kora-tv.com\/fr\/wp-json\/wp\/v2\/posts\/13907\/revisions\/13908"}],"wp:featuredmedia":[{"embeddable":true,"href":"https:\/\/live-kora-tv.com\/fr\/wp-json\/wp\/v2\/media\/13905"}],"wp:attachment":[{"href":"https:\/\/live-kora-tv.com\/fr\/wp-json\/wp\/v2\/media?parent=13907"}],"wp:term":[{"taxonomy":"category","embeddable":true,"href":"https:\/\/live-kora-tv.com\/fr\/wp-json\/wp\/v2\/categories?post=13907"},{"taxonomy":"post_tag","embeddable":true,"href":"https:\/\/live-kora-tv.com\/fr\/wp-json\/wp\/v2\/tags?post=13907"}],"curies":[{"name":"wp","href":"https:\/\/api.w.org\/{rel}","templated":true}]}}