{"id":13915,"date":"2026-01-29T14:45:49","date_gmt":"2026-01-29T12:45:49","guid":{"rendered":"https:\/\/live-kora-tv.com\/kais-saeed-au-coeur-de-la-crise-de-la-mer-bleue-la-corruption-et-le-vandalisme-en-sont-la-cause-nous-nous-attaquerons-aux-racines-et-nous-ne-resterons-plus-silencieux\/"},"modified":"2026-01-29T14:45:54","modified_gmt":"2026-01-29T12:45:54","slug":"kais-saeed-au-coeur-de-la-crise-de-la-mer-bleue-la-corruption-et-le-vandalisme-en-sont-la-cause-nous-nous-attaquerons-aux-racines-et-nous-ne-resterons-plus-silencieux","status":"publish","type":"post","link":"https:\/\/live-kora-tv.com\/fr\/kais-saeed-au-coeur-de-la-crise-de-la-mer-bleue-la-corruption-et-le-vandalisme-en-sont-la-cause-nous-nous-attaquerons-aux-racines-et-nous-ne-resterons-plus-silencieux\/","title":{"rendered":"Kais Saeed au c\u0153ur de la crise de la mer Bleue : \u00ab\u00a0La corruption et le vandalisme en sont la cause. Nous nous attaquerons aux racines et nous ne resterons plus silencieux\u00a0\u00bb"},"content":{"rendered":"\n<p>Le mercredi 28 janvier 2026, le Pr\u00e9sident de la R\u00e9publique Kais Saied s&rsquo;est rendu dans la zone de la Mer Bleue, dans le district de Mersa, o\u00f9 l&rsquo;eau s&rsquo;accumule encore dans un certain nombre de rues et d&rsquo;abords apr\u00e8s les r\u00e9centes pluies diluviennes. <\/p>\n\n<p>Lors de sa visite sur le terrain, le chef de l&rsquo;\u00c9tat a soulign\u00e9 la n\u00e9cessit\u00e9 de continuer \u00e0 soutenir les \u00e9quipes de protection civile qui travaillent sans rel\u00e2che depuis des jours pour \u00e9vacuer l&rsquo;eau, tout en exigeant que les causes r\u00e9elles et profondes soient trait\u00e9es afin d&rsquo;\u00e9viter que la catastrophe ne se reproduise \u00e0 l&rsquo;avenir.  <\/p>\n\n<p>M. Said a attribu\u00e9 l&rsquo;accumulation honteuse d&rsquo;eau directement \u00e0 \u00ab\u00a0la corruption et au vandalisme\u00a0\u00bb, ajoutant que l&rsquo;absence d&rsquo;urbanisation appropri\u00e9e et la faiblesse des canaux d&rsquo;\u00e9vacuation des eaux de pluie et leur connexion \u00e0 des r\u00e9seaux d&rsquo;assainissement d\u00e9j\u00e0 inad\u00e9quats &#8211; ou remplac\u00e9s par la m\u00eame capacit\u00e9 ancienne &#8211; exacerbent la crise. <\/p>\n\n<p>Le ph\u00e9nom\u00e8ne n&rsquo;est plus nouveau, a-t-il d\u00e9clar\u00e9, mais a \u00e9t\u00e9 \u00ab\u00a0banalis\u00e9\u00a0\u00bb pendant des d\u00e9cennies, jusqu&rsquo;\u00e0 ce que la corruption devienne normalis\u00e9e et socialement acceptable.  <\/p>\n\n<p>Au cours de cette visite, le pr\u00e9sident a \u00e9cout\u00e9 les plaintes d&rsquo;un certain nombre de citoyens touch\u00e9s et a salu\u00e9 leur solidarit\u00e9 et leur coop\u00e9ration, r\u00e9affirmant que l&rsquo;\u00c9tat n&rsquo;abandonnera aucun citoyen touch\u00e9 dans n&rsquo;importe quelle partie de la R\u00e9publique.   <\/p>\n\n<p>Il a insist\u00e9 sur le fait que le peuple tunisien a le droit de vivre dans la dignit\u00e9 et, en m\u00eame temps, le droit l\u00e9gitime et entier de demander des comptes \u00e0 tous ceux qui lui ont fait du tort ou se sont empar\u00e9s de ses ressources, conform\u00e9ment \u00e0 la loi et sur un pied d&rsquo;\u00e9galit\u00e9, sans exception ni faveur.  <\/p>\n","protected":false},"excerpt":{"rendered":"<p>Le mercredi 28 janvier 2026, le Pr\u00e9sident de la R\u00e9publique Kais Saied s&rsquo;est rendu dans la zone de la Mer Bleue, dans le district de Mersa, o\u00f9 l&rsquo;eau s&rsquo;accumule encore dans un certain nombre de rues et d&rsquo;abords apr\u00e8s les r\u00e9centes pluies diluviennes. Lors de sa visite sur le terrain, le chef de l&rsquo;\u00c9tat a [&hellip;]<\/p>\n","protected":false},"author":4,"featured_media":13912,"comment_status":"open","ping_status":"open","sticky":false,"template":"","format":"standard","meta":{"footnotes":""},"categories":[68],"tags":[],"class_list":{"0":"post-13915","1":"post","2":"type-post","3":"status-publish","4":"format-standard","5":"has-post-thumbnail","7":"category-communaute"},"_links":{"self":[{"href":"https:\/\/live-kora-tv.com\/fr\/wp-json\/wp\/v2\/posts\/13915","targetHints":{"allow":["GET"]}}],"collection":[{"href":"https:\/\/live-kora-tv.com\/fr\/wp-json\/wp\/v2\/posts"}],"about":[{"href":"https:\/\/live-kora-tv.com\/fr\/wp-json\/wp\/v2\/types\/post"}],"author":[{"embeddable":true,"href":"https:\/\/live-kora-tv.com\/fr\/wp-json\/wp\/v2\/users\/4"}],"replies":[{"embeddable":true,"href":"https:\/\/live-kora-tv.com\/fr\/wp-json\/wp\/v2\/comments?post=13915"}],"version-history":[{"count":1,"href":"https:\/\/live-kora-tv.com\/fr\/wp-json\/wp\/v2\/posts\/13915\/revisions"}],"predecessor-version":[{"id":13916,"href":"https:\/\/live-kora-tv.com\/fr\/wp-json\/wp\/v2\/posts\/13915\/revisions\/13916"}],"wp:featuredmedia":[{"embeddable":true,"href":"https:\/\/live-kora-tv.com\/fr\/wp-json\/wp\/v2\/media\/13912"}],"wp:attachment":[{"href":"https:\/\/live-kora-tv.com\/fr\/wp-json\/wp\/v2\/media?parent=13915"}],"wp:term":[{"taxonomy":"category","embeddable":true,"href":"https:\/\/live-kora-tv.com\/fr\/wp-json\/wp\/v2\/categories?post=13915"},{"taxonomy":"post_tag","embeddable":true,"href":"https:\/\/live-kora-tv.com\/fr\/wp-json\/wp\/v2\/tags?post=13915"}],"curies":[{"name":"wp","href":"https:\/\/api.w.org\/{rel}","templated":true}]}}