{"id":13920,"date":"2026-01-29T15:42:04","date_gmt":"2026-01-29T13:42:04","guid":{"rendered":"https:\/\/live-kora-tv.com\/la-caf-prend-des-sanctions-severes-apres-la-finale-de-la-coupe-dafrique-des-nations-le-maroc-et-le-senegal-ecopent-de-lourdes-suspensions-et-amendes\/"},"modified":"2026-01-29T15:42:07","modified_gmt":"2026-01-29T13:42:07","slug":"la-caf-prend-des-sanctions-severes-apres-la-finale-de-la-coupe-dafrique-des-nations-le-maroc-et-le-senegal-ecopent-de-lourdes-suspensions-et-amendes","status":"publish","type":"post","link":"https:\/\/live-kora-tv.com\/fr\/la-caf-prend-des-sanctions-severes-apres-la-finale-de-la-coupe-dafrique-des-nations-le-maroc-et-le-senegal-ecopent-de-lourdes-suspensions-et-amendes\/","title":{"rendered":"La Caf prend des sanctions s\u00e9v\u00e8res apr\u00e8s la finale de la Coupe d&rsquo;Afrique des Nations : Le Maroc et le S\u00e9n\u00e9gal \u00e9copent de lourdes suspensions et amendes"},"content":{"rendered":"\n<p>La Commission de Discipline de la Conf\u00e9d\u00e9ration Africaine de Football (CAF) a rendu ses d\u00e9cisions finales concernant les \u00e9v\u00e9nements survenus lors du match de cl\u00f4ture de la Coupe d&rsquo;Afrique des Nations 2025 \u00e0 Rabat, qui a r\u00e9uni les \u00e9quipes nationales du Maroc et du S\u00e9n\u00e9gal le 18 janvier dernier. <\/p>\n\n<p>Les sanctions ont \u00e9t\u00e9 r\u00e9parties entre les deux camps, l&rsquo;accent \u00e9tant clairement mis sur les comportements antisportifs sur et en dehors du terrain, sur les violations claires de la loi et sur les actions des supporters et des officiels.   <\/p>\n\n<h3 class=\"wp-block-heading\">Sanctions du c\u00f4t\u00e9 s\u00e9n\u00e9galais<\/h3>\n\n<ul class=\"wp-block-list\">\n<li>Suspension du s\u00e9lectionneur national Pap Bouna Thiaw pour 5 matches officiels sous la supervision de la CAF, pour comportement antisportif, violation des principes de fair-play et d&rsquo;int\u00e9grit\u00e9, et pour avoir jet\u00e9 le discr\u00e9dit sur le jeu, avec une amende de 100 000 USD.    <\/li>\n\n\n\n<li>Elimane N&rsquo;Diaye est suspendu pour deux matches officiels sous la supervision de la CAF pour comportement antisportif envers l&rsquo;arbitre.<\/li>\n\n\n\n<li>Le joueur Ismaila Sarr est suspendu pour deux matchs officiels sous la supervision de la CAF pour comportement antisportif envers l&rsquo;arbitre.<\/li>\n\n\n\n<li>La F\u00e9d\u00e9ration s\u00e9n\u00e9galaise de football (FSF) a \u00e9t\u00e9 condamn\u00e9e \u00e0 une amende de 300 000 dollars pour le comportement inappropri\u00e9 de ses supporters qui a jet\u00e9 le discr\u00e9dit sur le football.<\/li>\n\n\n\n<li>La F\u00e9d\u00e9ration s\u00e9n\u00e9galaise a \u00e9t\u00e9 condamn\u00e9e \u00e0 une amende suppl\u00e9mentaire de 300 000 dollars en raison du comportement antisportif de ses joueurs et de son personnel technique, en violation flagrante des principes de fair-play, de loyaut\u00e9 et d&rsquo;int\u00e9grit\u00e9. <\/li>\n\n\n\n<li>La f\u00e9d\u00e9ration s\u00e9n\u00e9galaise a \u00e9t\u00e9 condamn\u00e9e \u00e0 une amende de 15 000 dollars pour mauvaise conduite de l&rsquo;\u00e9quipe apr\u00e8s que cinq joueurs aient \u00e9t\u00e9 avertis pendant le match.<\/li>\n<\/ul>\n\n<h3 class=\"wp-block-heading\">Sanctions du c\u00f4t\u00e9 marocain<\/h3>\n\n<ul class=\"wp-block-list\">\n<li>Achraf Hakimi est suspendu pour deux matches officiels sous la supervision de la CAF pour comportement antisportif, avec un match de suspension pour un an \u00e0 compter de la date de la d\u00e9cision. <\/li>\n\n\n\n<li>Le joueur Ismail Sibari est suspendu pour trois matches officiels sous la supervision de la CAF pour comportement antisportif, avec une amende de 100 000 USD. <\/li>\n\n\n\n<li>La f\u00e9d\u00e9ration royale marocaine de football a \u00e9t\u00e9 condamn\u00e9e \u00e0 une amende de 200 000 dollars pour le comportement inappropri\u00e9 des ramasseurs de balles pendant le match.<\/li>\n\n\n\n<li>L&rsquo;Universit\u00e9 Royale du Maroc a \u00e9t\u00e9 condamn\u00e9e \u00e0 une amende de 100 000 dollars pour le comportement inappropri\u00e9 des joueurs de l&rsquo;\u00e9quipe nationale et du staff technique qui ont pris d&rsquo;assaut la zone technique vid\u00e9o (VAR) et entrav\u00e9 le travail de l&rsquo;arbitre, en violation des articles 82 et 83 du r\u00e8glement disciplinaire. <\/li>\n\n\n\n<li>L&rsquo;Universit\u00e9 royale du Maroc a \u00e9t\u00e9 condamn\u00e9e \u00e0 une amende de 15 000 dollars pour l&rsquo;utilisation de lasers par ses supporters pendant le match.<\/li>\n<\/ul>\n\n<h3 class=\"wp-block-heading\">La protestation marocaine est rejet\u00e9e<\/h3>\n\n<p>La Conf\u00e9d\u00e9ration Africaine de Football (CAF) a confirm\u00e9 dans son communiqu\u00e9 officiel que le Conseil de Discipline a rejet\u00e9 la protestation d\u00e9pos\u00e9e par la F\u00e9d\u00e9ration Marocaine de Football (FAM), concernant les all\u00e9gations que la f\u00e9d\u00e9ration s\u00e9n\u00e9galaise a viol\u00e9 les articles 82 et 84 du R\u00e8glement de l&rsquo;AFCON pour la finale Maroc 2025. <\/p>\n","protected":false},"excerpt":{"rendered":"<p>La Commission de Discipline de la Conf\u00e9d\u00e9ration Africaine de Football (CAF) a rendu ses d\u00e9cisions finales concernant les \u00e9v\u00e9nements survenus lors du match de cl\u00f4ture de la Coupe d&rsquo;Afrique des Nations 2025 \u00e0 Rabat, qui a r\u00e9uni les \u00e9quipes nationales du Maroc et du S\u00e9n\u00e9gal le 18 janvier dernier. Les sanctions ont \u00e9t\u00e9 r\u00e9parties entre [&hellip;]<\/p>\n","protected":false},"author":4,"featured_media":13918,"comment_status":"open","ping_status":"open","sticky":false,"template":"","format":"standard","meta":{"footnotes":""},"categories":[20],"tags":[],"class_list":{"0":"post-13920","1":"post","2":"type-post","3":"status-publish","4":"format-standard","5":"has-post-thumbnail","7":"category-actualites-sportives"},"_links":{"self":[{"href":"https:\/\/live-kora-tv.com\/fr\/wp-json\/wp\/v2\/posts\/13920","targetHints":{"allow":["GET"]}}],"collection":[{"href":"https:\/\/live-kora-tv.com\/fr\/wp-json\/wp\/v2\/posts"}],"about":[{"href":"https:\/\/live-kora-tv.com\/fr\/wp-json\/wp\/v2\/types\/post"}],"author":[{"embeddable":true,"href":"https:\/\/live-kora-tv.com\/fr\/wp-json\/wp\/v2\/users\/4"}],"replies":[{"embeddable":true,"href":"https:\/\/live-kora-tv.com\/fr\/wp-json\/wp\/v2\/comments?post=13920"}],"version-history":[{"count":1,"href":"https:\/\/live-kora-tv.com\/fr\/wp-json\/wp\/v2\/posts\/13920\/revisions"}],"predecessor-version":[{"id":13922,"href":"https:\/\/live-kora-tv.com\/fr\/wp-json\/wp\/v2\/posts\/13920\/revisions\/13922"}],"wp:featuredmedia":[{"embeddable":true,"href":"https:\/\/live-kora-tv.com\/fr\/wp-json\/wp\/v2\/media\/13918"}],"wp:attachment":[{"href":"https:\/\/live-kora-tv.com\/fr\/wp-json\/wp\/v2\/media?parent=13920"}],"wp:term":[{"taxonomy":"category","embeddable":true,"href":"https:\/\/live-kora-tv.com\/fr\/wp-json\/wp\/v2\/categories?post=13920"},{"taxonomy":"post_tag","embeddable":true,"href":"https:\/\/live-kora-tv.com\/fr\/wp-json\/wp\/v2\/tags?post=13920"}],"curies":[{"name":"wp","href":"https:\/\/api.w.org\/{rel}","templated":true}]}}