{"id":13926,"date":"2026-01-29T16:53:21","date_gmt":"2026-01-29T14:53:21","guid":{"rendered":"https:\/\/live-kora-tv.com\/louragan-christine-devaste-le-portugal-et-atteint-lespagne-5-morts-la-moitie-du-pays-est-privee-delectricite-f-16-endommages\/"},"modified":"2026-01-29T16:53:24","modified_gmt":"2026-01-29T14:53:24","slug":"louragan-christine-devaste-le-portugal-et-atteint-lespagne-5-morts-la-moitie-du-pays-est-privee-delectricite-f-16-endommages","status":"publish","type":"post","link":"https:\/\/live-kora-tv.com\/fr\/louragan-christine-devaste-le-portugal-et-atteint-lespagne-5-morts-la-moitie-du-pays-est-privee-delectricite-f-16-endommages\/","title":{"rendered":"L&rsquo;ouragan Christine d\u00e9vaste le Portugal et atteint l&rsquo;Espagne : 5 morts La moiti\u00e9 du pays est priv\u00e9e d&rsquo;\u00e9lectricit\u00e9. F-16 endommag\u00e9s"},"content":{"rendered":"\n<p>L&rsquo;ouragan atlantique \u00ab\u00a0Christine\u00a0\u00bb a balay\u00e9 le Portugal avec une force d\u00e9vastatrice, causant des pertes humaines et mat\u00e9rielles massives, et son impact s&rsquo;est \u00e9tendu vers l&rsquo;est en direction de l&rsquo;Espagne, apportant avec lui des vents violents, des pluies abondantes et de la neige.  <\/p>\n\n<p>Selon les donn\u00e9es officielles, le bilan s&rsquo;\u00e9l\u00e8ve \u00e0 au moins 5 morts, tandis que des centaines de milliers de foyers et d&rsquo;installations sont priv\u00e9s d&rsquo;\u00e9lectricit\u00e9. Le cyclone a provoqu\u00e9 des inondations g\u00e9n\u00e9ralis\u00e9es, des glissements de terrain et une destruction massive des infrastructures, en particulier dans les r\u00e9gions du centre et du nord du pays.      <\/p>\n\n<h3 class=\"wp-block-heading\">Dommages et accidents majeurs<\/h3>\n\n<ul class=\"wp-block-list\">\n<li>La vitesse du vent a atteint 150 km\/h dans certaines zones, et 178 km\/h \u00e0 la base a\u00e9rienne de Monte Real \u00e0 Leiria, o\u00f9 deux avions de chasse F-16 ont \u00e9t\u00e9 endommag\u00e9s apr\u00e8s que la porte du hangar et des parties du toit se sont effondr\u00e9es sur eux. L&rsquo;arm\u00e9e de l&rsquo;air portugaise a confirm\u00e9 des d\u00e9g\u00e2ts mat\u00e9riels importants, mais aucune victime n&rsquo;est \u00e0 d\u00e9plorer.   <\/li>\n\n\n\n<li>Plus de 850 000 consommateurs ont \u00e9t\u00e9 priv\u00e9s d&rsquo;\u00e9lectricit\u00e9 mercredi, selon E-Redes. <\/li>\n\n\n\n<li>Les \u00e9coles sont ferm\u00e9es dans plusieurs r\u00e9gions et les transports sont presque totalement interrompus : L&rsquo;autoroute principale entre Lisbonne et le nord est bloqu\u00e9e par des arbres d\u00e9racin\u00e9s et des d\u00e9bris, tout comme les lignes de chemin de fer.   <\/li>\n\n\n\n<li>Dans la ville c\u00f4ti\u00e8re de Figueira da Foch, une grande roue s&rsquo;est renvers\u00e9e et des voitures ont \u00e9t\u00e9 endommag\u00e9es lorsqu&rsquo;une partie du toit d&rsquo;un b\u00e2timent a \u00e9t\u00e9 arrach\u00e9e par le vent.  <\/li>\n\n\n\n<li>\u00c0 Liria, une personne a \u00e9t\u00e9 bless\u00e9e par la chute d&rsquo;une t\u00f4le, et \u00e0 Villa Franca di Chira, un homme est d\u00e9c\u00e9d\u00e9 apr\u00e8s qu&rsquo;un arbre a heurt\u00e9 sa voiture.  <\/li>\n\n\n\n<li>Les services de protection civile ont enregistr\u00e9 plus de 3 000 incidents dans tout le pays.<\/li>\n<\/ul>\n\n<p>Les autorit\u00e9s ont demand\u00e9 aux habitants de Coimbra et de Leiria de rester chez eux et ont \u00e9mis une alerte rouge pour dix zones c\u00f4ti\u00e8res en raison de vagues pouvant atteindre 14 m\u00e8tres. <\/p>\n\n<h3 class=\"wp-block-heading\">La temp\u00eate se dirige vers l&rsquo;Espagne<\/h3>\n\n<p>La temp\u00eate a travers\u00e9 le Portugal et se dirige vers l&rsquo;est de l&rsquo;Espagne, apportant avec elle des vents violents, de fortes pluies et de la neige. En Andalousie, les services d&rsquo;urgence ont enregistr\u00e9 environ 2 000 incidents li\u00e9s aux conditions m\u00e9t\u00e9orologiques. L&rsquo;agence m\u00e9t\u00e9orologique espagnole (AEMET) a annonc\u00e9 des vents tr\u00e8s dangereux dans certaines zones, pouvant atteindre la force d&rsquo;un ouragan, et l&rsquo;\u00e9tat d&rsquo;urgence maximale a \u00e9t\u00e9 d\u00e9clar\u00e9 dans certaines zones d&rsquo;Almeria, dans le sud-est du pays.     <\/p>\n","protected":false},"excerpt":{"rendered":"<p>L&rsquo;ouragan atlantique \u00ab\u00a0Christine\u00a0\u00bb a balay\u00e9 le Portugal avec une force d\u00e9vastatrice, causant des pertes humaines et mat\u00e9rielles massives, et son impact s&rsquo;est \u00e9tendu vers l&rsquo;est en direction de l&rsquo;Espagne, apportant avec lui des vents violents, des pluies abondantes et de la neige. Selon les donn\u00e9es officielles, le bilan s&rsquo;\u00e9l\u00e8ve \u00e0 au moins 5 morts, tandis [&hellip;]<\/p>\n","protected":false},"author":4,"featured_media":13924,"comment_status":"open","ping_status":"open","sticky":false,"template":"","format":"standard","meta":{"footnotes":""},"categories":[69],"tags":[],"class_list":{"0":"post-13926","1":"post","2":"type-post","3":"status-publish","4":"format-standard","5":"has-post-thumbnail","7":"category-nouvelles-du-monde"},"_links":{"self":[{"href":"https:\/\/live-kora-tv.com\/fr\/wp-json\/wp\/v2\/posts\/13926","targetHints":{"allow":["GET"]}}],"collection":[{"href":"https:\/\/live-kora-tv.com\/fr\/wp-json\/wp\/v2\/posts"}],"about":[{"href":"https:\/\/live-kora-tv.com\/fr\/wp-json\/wp\/v2\/types\/post"}],"author":[{"embeddable":true,"href":"https:\/\/live-kora-tv.com\/fr\/wp-json\/wp\/v2\/users\/4"}],"replies":[{"embeddable":true,"href":"https:\/\/live-kora-tv.com\/fr\/wp-json\/wp\/v2\/comments?post=13926"}],"version-history":[{"count":1,"href":"https:\/\/live-kora-tv.com\/fr\/wp-json\/wp\/v2\/posts\/13926\/revisions"}],"predecessor-version":[{"id":13927,"href":"https:\/\/live-kora-tv.com\/fr\/wp-json\/wp\/v2\/posts\/13926\/revisions\/13927"}],"wp:featuredmedia":[{"embeddable":true,"href":"https:\/\/live-kora-tv.com\/fr\/wp-json\/wp\/v2\/media\/13924"}],"wp:attachment":[{"href":"https:\/\/live-kora-tv.com\/fr\/wp-json\/wp\/v2\/media?parent=13926"}],"wp:term":[{"taxonomy":"category","embeddable":true,"href":"https:\/\/live-kora-tv.com\/fr\/wp-json\/wp\/v2\/categories?post=13926"},{"taxonomy":"post_tag","embeddable":true,"href":"https:\/\/live-kora-tv.com\/fr\/wp-json\/wp\/v2\/tags?post=13926"}],"curies":[{"name":"wp","href":"https:\/\/api.w.org\/{rel}","templated":true}]}}