{"id":13966,"date":"2026-01-30T13:50:37","date_gmt":"2026-01-30T11:50:37","guid":{"rendered":"https:\/\/live-kora-tv.com\/le-club-africain-renforce-son-attaque-avec-un-gros-contrat-mohamed-sadek-kadida-revient-signer-pour-trois-ans-et-demi\/"},"modified":"2026-01-30T13:50:40","modified_gmt":"2026-01-30T11:50:40","slug":"le-club-africain-renforce-son-attaque-avec-un-gros-contrat-mohamed-sadek-kadida-revient-signer-pour-trois-ans-et-demi","status":"publish","type":"post","link":"https:\/\/live-kora-tv.com\/fr\/le-club-africain-renforce-son-attaque-avec-un-gros-contrat-mohamed-sadek-kadida-revient-signer-pour-trois-ans-et-demi\/","title":{"rendered":"Le Club Africain renforce son attaque avec un gros contrat : Mohamed Sadek Kadida revient signer pour trois ans et demi"},"content":{"rendered":"\n<p>Le club africain a annonc\u00e9 aujourd&rsquo;hui la signature d&rsquo;un attaquant puissant et exp\u00e9riment\u00e9 pour renforcer sa ligne d&rsquo;attaque, l&rsquo;ancien joueur tunisien Mohamed Sadek Kadida.  <\/p>\n\n<p>L&rsquo;attaquant tunisien a quitt\u00e9 le club tunisien l&rsquo;\u00e9t\u00e9 dernier pour rejoindre le club bulgare de Buduknost (Mont\u00e9n\u00e9gro), o\u00f9 il s&rsquo;est bien comport\u00e9 avant de d\u00e9cider de revenir dans le championnat tunisien avec le \u00ab\u00a0Ch\u00e2teau rouge\u00a0\u00bb. <\/p>\n\n<p>Qudaida a sign\u00e9 un contrat de trois ans et demi avec Al-Africa, ce qui est consid\u00e9r\u00e9 comme une d\u00e9cision strat\u00e9gique de l&rsquo;entra\u00eeneur omanais Nasser Al-Khatib pour renforcer ses options offensives avant les comp\u00e9titions de championnat et de coupe. <\/p>\n\n<h3 class=\"wp-block-heading\">Une longue carri\u00e8re : Expertise et objectifs garantis <\/h3>\n\n<ul class=\"wp-block-list\">\n<li><strong>Stade de Tunisie<\/strong>: Il y a d\u00e9but\u00e9 sa carri\u00e8re professionnelle, o\u00f9 il a marqu\u00e9 des buts d\u00e9cisifs et contribu\u00e9 aux succ\u00e8s locaux et continentaux.<\/li>\n\n\n\n<li><strong>Budoknost bulgare<\/strong>: Arriv\u00e9 l&rsquo;\u00e9t\u00e9 dernier, il a prouv\u00e9 sa valeur en r\u00e9alisant de bonnes performances offensives et en marquant plusieurs buts dans le championnat national et les comp\u00e9titions europ\u00e9ennes.<\/li>\n\n\n\n<li><strong>Son bilan cette saison<\/strong>: 8 buts et 4 passes d\u00e9cisives en 22 matches (toutes comp\u00e9titions confondues).<\/li>\n<\/ul>\n\n<h3 class=\"wp-block-heading\">Importance de la transaction pour le Club Africain<\/h3>\n\n<p>Kadida renforce les options offensives aux c\u00f4t\u00e9s d&rsquo;Abdelrazak Hamdi et d&rsquo;Amine Echtioui, et donne \u00e0 l&rsquo;\u00e9quipe une plus grande flexibilit\u00e9 dans l&rsquo;alignement pour faire face \u00e0 la concurrence f\u00e9roce pour la premi\u00e8re place en championnat et en coupe. Le retour au Parc A apr\u00e8s une courte absence est excitant pour les fans, surtout avec l&rsquo;ambition des Africains de reconqu\u00e9rir le titre continental apr\u00e8s des ann\u00e9es d&rsquo;absence en huiti\u00e8mes de finale.   <\/p>\n","protected":false},"excerpt":{"rendered":"<p>Le club africain a annonc\u00e9 aujourd&rsquo;hui la signature d&rsquo;un attaquant puissant et exp\u00e9riment\u00e9 pour renforcer sa ligne d&rsquo;attaque, l&rsquo;ancien joueur tunisien Mohamed Sadek Kadida. L&rsquo;attaquant tunisien a quitt\u00e9 le club tunisien l&rsquo;\u00e9t\u00e9 dernier pour rejoindre le club bulgare de Buduknost (Mont\u00e9n\u00e9gro), o\u00f9 il s&rsquo;est bien comport\u00e9 avant de d\u00e9cider de revenir dans le championnat tunisien [&hellip;]<\/p>\n","protected":false},"author":4,"featured_media":13944,"comment_status":"open","ping_status":"open","sticky":false,"template":"","format":"standard","meta":{"footnotes":""},"categories":[20],"tags":[],"class_list":{"0":"post-13966","1":"post","2":"type-post","3":"status-publish","4":"format-standard","5":"has-post-thumbnail","7":"category-actualites-sportives"},"_links":{"self":[{"href":"https:\/\/live-kora-tv.com\/fr\/wp-json\/wp\/v2\/posts\/13966","targetHints":{"allow":["GET"]}}],"collection":[{"href":"https:\/\/live-kora-tv.com\/fr\/wp-json\/wp\/v2\/posts"}],"about":[{"href":"https:\/\/live-kora-tv.com\/fr\/wp-json\/wp\/v2\/types\/post"}],"author":[{"embeddable":true,"href":"https:\/\/live-kora-tv.com\/fr\/wp-json\/wp\/v2\/users\/4"}],"replies":[{"embeddable":true,"href":"https:\/\/live-kora-tv.com\/fr\/wp-json\/wp\/v2\/comments?post=13966"}],"version-history":[{"count":1,"href":"https:\/\/live-kora-tv.com\/fr\/wp-json\/wp\/v2\/posts\/13966\/revisions"}],"predecessor-version":[{"id":13967,"href":"https:\/\/live-kora-tv.com\/fr\/wp-json\/wp\/v2\/posts\/13966\/revisions\/13967"}],"wp:featuredmedia":[{"embeddable":true,"href":"https:\/\/live-kora-tv.com\/fr\/wp-json\/wp\/v2\/media\/13944"}],"wp:attachment":[{"href":"https:\/\/live-kora-tv.com\/fr\/wp-json\/wp\/v2\/media?parent=13966"}],"wp:term":[{"taxonomy":"category","embeddable":true,"href":"https:\/\/live-kora-tv.com\/fr\/wp-json\/wp\/v2\/categories?post=13966"},{"taxonomy":"post_tag","embeddable":true,"href":"https:\/\/live-kora-tv.com\/fr\/wp-json\/wp\/v2\/tags?post=13966"}],"curies":[{"name":"wp","href":"https:\/\/api.w.org\/{rel}","templated":true}]}}