{"id":1462,"date":"2024-12-18T11:36:01","date_gmt":"2024-12-18T10:36:01","guid":{"rendered":"https:\/\/live-kora-tv.com\/?p=1462"},"modified":"2024-12-18T11:36:03","modified_gmt":"2024-12-18T10:36:03","slug":"tunisie-le-prix-fatima-al-fihriya-celebre-des-femmes-mediterraneennes-dexception","status":"publish","type":"post","link":"https:\/\/live-kora-tv.com\/fr\/tunisie-le-prix-fatima-al-fihriya-celebre-des-femmes-mediterraneennes-dexception\/","title":{"rendered":"Tunisie : Le Prix Fatima Al-Fihriya c\u00e9l\u00e8bre des femmes m\u00e9diterran\u00e9ennes d\u2019exception"},"content":{"rendered":"\n<p>Le <strong>Prix Fatima Al-Fihriya<\/strong> continue d\u2019honorer des femmes m\u00e9diterran\u00e9ennes remarquables, dont les contributions ont marqu\u00e9 divers domaines tels que l\u2019\u00e9ducation, la recherche, les sciences, la politique, et les arts. En rendant hommage \u00e0 ces figures f\u00e9minines influentes, ce prix met en lumi\u00e8re leur engagement en faveur de l\u2019am\u00e9lioration des conditions f\u00e9minines et de la promotion de l\u2019\u00e9galit\u00e9 des sexes.<\/p>\n\n\n\n<h3 class=\"wp-block-heading\">Un hommage \u00e0 l\u2019h\u00e9ritage de Fatima Al-Fihriya<\/h3>\n\n\n\n<p>Le prix porte le nom de <strong>Fatima Al-Fihriya<\/strong>, fondatrice au IXe si\u00e8cle de l\u2019<strong>Universit\u00e9 Al-Qarawiyyine<\/strong> \u00e0 F\u00e8s, reconnue par l\u2019UNESCO comme la plus ancienne universit\u00e9 au monde. N\u00e9e \u00e0 Kairouan, elle a migr\u00e9 avec sa famille \u00e0 F\u00e8s, o\u00f9 elle a investi sa fortune pour cr\u00e9er un centre d\u2019apprentissage, devenu un mod\u00e8le pour le monde arabe et au-del\u00e0. Inspir\u00e9 par son h\u00e9ritage, le prix r\u00e9compense des femmes qui incarnent son esprit visionnaire et ses valeurs.<\/p>\n\n\n\n<h3 class=\"wp-block-heading\">Une reconnaissance r\u00e9gionale<\/h3>\n\n\n\n<p>Depuis sa cr\u00e9ation, le <strong>Prix Fatima Al-Fihriya<\/strong> a honor\u00e9 des personnalit\u00e9s influentes dans toute la M\u00e9diterran\u00e9e :<\/p>\n\n\n\n<ul class=\"wp-block-list\">\n<li><strong>Tunisie<\/strong> :\n<ul class=\"wp-block-list\">\n<li>Feue <strong>May Jribi<\/strong>, ancienne secr\u00e9taire g\u00e9n\u00e9rale du Parti R\u00e9publicain.<\/li>\n\n\n\n<li><strong>Zohra Slim<\/strong>, ing\u00e9nieure sp\u00e9cialis\u00e9e en intelligence artificielle.<\/li>\n\n\n\n<li>Feue <strong>Dr Ahel Belhaj<\/strong>, m\u00e9decin pionni\u00e8re dans la prise en charge des enfants autistes.<\/li>\n<\/ul>\n<\/li>\n\n\n\n<li><strong>Maroc<\/strong> :\n<ul class=\"wp-block-list\">\n<li>Feue <strong>Fatima Mernissi<\/strong>, sociologue et militante f\u00e9ministe, honor\u00e9e pour ses travaux sur les questions f\u00e9minines.<\/li>\n\n\n\n<li>Feue <strong>Aicha Chenna<\/strong>, militante sociale \u00e9minente.<\/li>\n\n\n\n<li><strong>Aziza Chaouni<\/strong>, architecte ayant restaur\u00e9 la biblioth\u00e8que Al-Qarawiyyin.<\/li>\n<\/ul>\n<\/li>\n\n\n\n<li><strong>\u00c9gypte<\/strong> :\n<ul class=\"wp-block-list\">\n<li><strong>Moushira Khattab<\/strong>, candidate au poste de Directrice g\u00e9n\u00e9rale de l\u2019UNESCO.<\/li>\n<\/ul>\n<\/li>\n\n\n\n<li><strong>Alg\u00e9rie<\/strong> :\n<ul class=\"wp-block-list\">\n<li><strong>Rabia Jilti Zerhouni<\/strong>, auteure et romanci\u00e8re.<\/li>\n<\/ul>\n<\/li>\n\n\n\n<li><strong>France<\/strong> :\n<ul class=\"wp-block-list\">\n<li><strong>\u00c9lisabeth Guigou<\/strong>, femme politique et pr\u00e9sidente de la Fondation Anna Lindh.<\/li>\n<\/ul>\n<\/li>\n\n\n\n<li><strong>Malte<\/strong> :\n<ul class=\"wp-block-list\">\n<li><strong>Marie Louise Coleiro Preca<\/strong>, ancienne pr\u00e9sidente de la R\u00e9publique de Malte.<\/li>\n<\/ul>\n<\/li>\n<\/ul>\n\n\n\n<h3 class=\"wp-block-heading\">Une \u00e9dition 2024 sous le signe de la collaboration<\/h3>\n\n\n\n<p>La cinqui\u00e8me \u00e9dition du prix, organis\u00e9e en octobre 2024 au Maroc, est le fruit d\u2019un partenariat entre l\u2019<strong>Association Programme M\u00e9d 21<\/strong> et le <strong>Forum Azzahrae pour la Femme Marocaine (FAFM)<\/strong>. L\u2019objectif est d\u2019encourager les collaborations entre les secteurs public, priv\u00e9 et associatif pour soutenir l\u2019autonomisation des femmes, en mettant l\u2019accent sur l\u2019\u00e9ducation dans les zones rurales.<\/p>\n\n\n\n<h3 class=\"wp-block-heading\">Vers un avenir plus \u00e9galitaire<\/h3>\n\n\n\n<p>Le Prix Fatima Al-Fihriya c\u00e9l\u00e8bre \u00e9galement les avanc\u00e9es en mati\u00e8re d\u2019\u00e9galit\u00e9 des genres et encourage les initiatives favorisant la repr\u00e9sentation f\u00e9minine dans les sph\u00e8res de d\u00e9cision. Il s\u2019inscrit dans la vision des <strong>Objectifs de D\u00e9veloppement Durable (ODD)<\/strong> et t\u00e9moigne de l\u2019impact positif des femmes dans la r\u00e9gion m\u00e9diterran\u00e9enne.<\/p>\n","protected":false},"excerpt":{"rendered":"<p>Le Prix Fatima Al-Fihriya continue d\u2019honorer des femmes m\u00e9diterran\u00e9ennes remarquables, dont les contributions ont marqu\u00e9 divers domaines tels que l\u2019\u00e9ducation, la recherche, les sciences, la politique, et les arts. En rendant hommage \u00e0 ces figures f\u00e9minines influentes, ce prix met en lumi\u00e8re leur engagement en faveur de l\u2019am\u00e9lioration des conditions f\u00e9minines et de la promotion [&hellip;]<\/p>\n","protected":false},"author":1,"featured_media":1463,"comment_status":"open","ping_status":"open","sticky":false,"template":"","format":"standard","meta":{"footnotes":""},"categories":[23],"tags":[],"class_list":{"0":"post-1462","1":"post","2":"type-post","3":"status-publish","4":"format-standard","5":"has-post-thumbnail","7":"category-culture-et-societe"},"_links":{"self":[{"href":"https:\/\/live-kora-tv.com\/fr\/wp-json\/wp\/v2\/posts\/1462","targetHints":{"allow":["GET"]}}],"collection":[{"href":"https:\/\/live-kora-tv.com\/fr\/wp-json\/wp\/v2\/posts"}],"about":[{"href":"https:\/\/live-kora-tv.com\/fr\/wp-json\/wp\/v2\/types\/post"}],"author":[{"embeddable":true,"href":"https:\/\/live-kora-tv.com\/fr\/wp-json\/wp\/v2\/users\/1"}],"replies":[{"embeddable":true,"href":"https:\/\/live-kora-tv.com\/fr\/wp-json\/wp\/v2\/comments?post=1462"}],"version-history":[{"count":1,"href":"https:\/\/live-kora-tv.com\/fr\/wp-json\/wp\/v2\/posts\/1462\/revisions"}],"predecessor-version":[{"id":1465,"href":"https:\/\/live-kora-tv.com\/fr\/wp-json\/wp\/v2\/posts\/1462\/revisions\/1465"}],"wp:featuredmedia":[{"embeddable":true,"href":"https:\/\/live-kora-tv.com\/fr\/wp-json\/wp\/v2\/media\/1463"}],"wp:attachment":[{"href":"https:\/\/live-kora-tv.com\/fr\/wp-json\/wp\/v2\/media?parent=1462"}],"wp:term":[{"taxonomy":"category","embeddable":true,"href":"https:\/\/live-kora-tv.com\/fr\/wp-json\/wp\/v2\/categories?post=1462"},{"taxonomy":"post_tag","embeddable":true,"href":"https:\/\/live-kora-tv.com\/fr\/wp-json\/wp\/v2\/tags?post=1462"}],"curies":[{"name":"wp","href":"https:\/\/api.w.org\/{rel}","templated":true}]}}