{"id":14988,"date":"2026-02-27T12:32:07","date_gmt":"2026-02-27T10:32:07","guid":{"rendered":"https:\/\/live-kora-tv.com\/la-tunisie-est-confrontee-a-une-epidemie-silencieuse-un-tunisien-sur-quatre-est-diabetique-les-chiffres-sont-alarmants\/"},"modified":"2026-02-27T12:32:10","modified_gmt":"2026-02-27T10:32:10","slug":"la-tunisie-est-confrontee-a-une-epidemie-silencieuse-un-tunisien-sur-quatre-est-diabetique-les-chiffres-sont-alarmants","status":"publish","type":"post","link":"https:\/\/live-kora-tv.com\/fr\/la-tunisie-est-confrontee-a-une-epidemie-silencieuse-un-tunisien-sur-quatre-est-diabetique-les-chiffres-sont-alarmants\/","title":{"rendered":"La Tunisie est confront\u00e9e \u00e0 une \u00e9pid\u00e9mie silencieuse : Un Tunisien sur quatre est diab\u00e9tique. Les chiffres sont alarmants !"},"content":{"rendered":"\n<p>Le Dr Ibtisam Ben Nassef, professeur d&rsquo;endocrinologie et de diab\u00e8te \u00e0 l&rsquo;h\u00f4pital Charles Nicole et membre de la Soci\u00e9t\u00e9 tunisienne d&rsquo;endocrinologie et de diab\u00e8te, a lanc\u00e9 un avertissement s\u00e9v\u00e8re concernant la propagation rapide et alarmante des maladies chroniques en Tunisie, en particulier le diab\u00e8te, qui touche d\u00e9sormais un Tunisien sur quatre, a rapport\u00e9 Mosa\u00efque FM.     <\/p>\n\n<p>Le Dr Ben Nassif a qualifi\u00e9 la situation d'\u00a0\u00bbeffrayante\u00a0\u00bb, notant que les chiffres actuels placent le pays face \u00e0 un d\u00e9fi sanitaire r\u00e9el et croissant. Elle a soulign\u00e9 que le diab\u00e8te est devenu une \u00ab\u00a0\u00e9pid\u00e9mie silencieuse\u00a0\u00bb qui se d\u00e9veloppe sans sympt\u00f4mes \u00e9vidents dans de nombreux cas, ce qui rend le d\u00e9pistage pr\u00e9coce extr\u00eamement difficile.   <\/p>\n\n<h3 class=\"wp-block-heading\">Des chiffres choquants r\u00e9v\u00e8lent une propagation rapide<\/h3>\n\n<p>La derni\u00e8re \u00e9tude nationale exhaustive men\u00e9e par l&rsquo;Institut national de la sant\u00e9 publique (INSP) en 2016 confirme qu&rsquo;un Tunisien sur cinq \u00e2g\u00e9 de plus de 15 ans est atteint de diab\u00e8te. Plus inqui\u00e9tant encore, la moiti\u00e9 de ces patients n&rsquo;\u00e9taient pas conscients de leur \u00e9tat, ce qui permet \u00e0 la maladie de se d\u00e9velopper furtivement pendant des ann\u00e9es avant que des complications graves ne surviennent.  <\/p>\n\n<p>La derni\u00e8re \u00e9tude publi\u00e9e par l&rsquo;Association tunisienne pour l&rsquo;\u00e9tude et la recherche de l&rsquo;ath\u00e9roscl\u00e9rose en 2023 a montr\u00e9 une grave d\u00e9t\u00e9rioration de la situation, un Tunisien sur quatre devenant diab\u00e9tique, une augmentation qui soul\u00e8ve de graves pr\u00e9occupations en mati\u00e8re de sant\u00e9 publique.   <\/p>\n\n<h3 class=\"wp-block-heading\">Complications graves mettant en jeu le pronostic vital<\/h3>\n\n<p>Le diab\u00e8te est la premi\u00e8re cause d&rsquo;insuffisance r\u00e9nale et de c\u00e9cit\u00e9 en Tunisie et est \u00e9troitement li\u00e9 \u00e0 des taux \u00e9lev\u00e9s de mortalit\u00e9 pr\u00e9matur\u00e9e, notamment en raison de ses complications cardiovasculaires. \u00c0 la lumi\u00e8re de ces chiffres, la pr\u00e9vention et le d\u00e9pistage pr\u00e9coce deviennent une priorit\u00e9 nationale urgente.    <\/p>\n\n<h3 class=\"wp-block-heading\">Appel \u00e0 la pr\u00e9vention et au d\u00e9pistage pr\u00e9coce<\/h3>\n\n<p>Le Dr Ben Nassif insiste sur la n\u00e9cessit\u00e9 de changer de mode de vie, d&rsquo;encourager les contr\u00f4les r\u00e9guliers et d&rsquo;intensifier les campagnes de sensibilisation, en pr\u00e9cisant que la lutte contre cette \u00e9pid\u00e9mie silencieuse n\u00e9cessite un effort conjoint de la part des citoyens, du syst\u00e8me de sant\u00e9 et des pouvoirs publics.   <\/p>\n\n<p>Face \u00e0 ces chiffres alarmants, la question devient urgente : La Tunisie sera-t-elle en mesure d&rsquo;endiguer la propagation rapide du diab\u00e8te avant qu&rsquo;il ne devienne une v\u00e9ritable crise sanitaire ?  <\/p>\n","protected":false},"excerpt":{"rendered":"<p>Le Dr Ibtisam Ben Nassef, professeur d&rsquo;endocrinologie et de diab\u00e8te \u00e0 l&rsquo;h\u00f4pital Charles Nicole et membre de la Soci\u00e9t\u00e9 tunisienne d&rsquo;endocrinologie et de diab\u00e8te, a lanc\u00e9 un avertissement s\u00e9v\u00e8re concernant la propagation rapide et alarmante des maladies chroniques en Tunisie, en particulier le diab\u00e8te, qui touche d\u00e9sormais un Tunisien sur quatre, a rapport\u00e9 Mosa\u00efque FM. [&hellip;]<\/p>\n","protected":false},"author":4,"featured_media":14982,"comment_status":"open","ping_status":"open","sticky":false,"template":"","format":"standard","meta":{"footnotes":""},"categories":[26],"tags":[],"class_list":{"0":"post-14988","1":"post","2":"type-post","3":"status-publish","4":"format-standard","5":"has-post-thumbnail","7":"category-sante"},"_links":{"self":[{"href":"https:\/\/live-kora-tv.com\/fr\/wp-json\/wp\/v2\/posts\/14988","targetHints":{"allow":["GET"]}}],"collection":[{"href":"https:\/\/live-kora-tv.com\/fr\/wp-json\/wp\/v2\/posts"}],"about":[{"href":"https:\/\/live-kora-tv.com\/fr\/wp-json\/wp\/v2\/types\/post"}],"author":[{"embeddable":true,"href":"https:\/\/live-kora-tv.com\/fr\/wp-json\/wp\/v2\/users\/4"}],"replies":[{"embeddable":true,"href":"https:\/\/live-kora-tv.com\/fr\/wp-json\/wp\/v2\/comments?post=14988"}],"version-history":[{"count":1,"href":"https:\/\/live-kora-tv.com\/fr\/wp-json\/wp\/v2\/posts\/14988\/revisions"}],"predecessor-version":[{"id":14989,"href":"https:\/\/live-kora-tv.com\/fr\/wp-json\/wp\/v2\/posts\/14988\/revisions\/14989"}],"wp:featuredmedia":[{"embeddable":true,"href":"https:\/\/live-kora-tv.com\/fr\/wp-json\/wp\/v2\/media\/14982"}],"wp:attachment":[{"href":"https:\/\/live-kora-tv.com\/fr\/wp-json\/wp\/v2\/media?parent=14988"}],"wp:term":[{"taxonomy":"category","embeddable":true,"href":"https:\/\/live-kora-tv.com\/fr\/wp-json\/wp\/v2\/categories?post=14988"},{"taxonomy":"post_tag","embeddable":true,"href":"https:\/\/live-kora-tv.com\/fr\/wp-json\/wp\/v2\/tags?post=14988"}],"curies":[{"name":"wp","href":"https:\/\/api.w.org\/{rel}","templated":true}]}}