{"id":1510,"date":"2024-12-19T10:06:41","date_gmt":"2024-12-19T09:06:41","guid":{"rendered":"https:\/\/live-kora-tv.com\/?p=1510"},"modified":"2024-12-19T10:06:43","modified_gmt":"2024-12-19T09:06:43","slug":"saied-un-lourd-heritage-a-reparer-en-urgence","status":"publish","type":"post","link":"https:\/\/live-kora-tv.com\/fr\/saied-un-lourd-heritage-a-reparer-en-urgence\/","title":{"rendered":"Sa\u00efed : Un lourd h\u00e9ritage \u00e0 r\u00e9parer en urgence"},"content":{"rendered":"\n<p>Le pr\u00e9sident de la R\u00e9publique, <strong>Ka\u00efs Sa\u00efed<\/strong>, a pr\u00e9sid\u00e9 une r\u00e9union importante des membres du gouvernement le <strong>18 d\u00e9cembre 2024<\/strong> au <strong>Palais de Carthage<\/strong>. Cette rencontre visait \u00e0 mobiliser les responsables autour des d\u00e9fis urgents auxquels fait face la Tunisie.<\/p>\n\n\n\n<h3 class=\"wp-block-heading\">Appel \u00e0 une approche centr\u00e9e sur le peuple<\/h3>\n\n\n\n<p>Lors de cette r\u00e9union, Ka\u00efs Sa\u00efed a insist\u00e9 sur la n\u00e9cessit\u00e9 d\u2019adopter une <strong>approche ax\u00e9e sur les aspirations du peuple tunisien<\/strong>. Il a exhort\u00e9 les responsables, \u00e0 tous les niveaux, \u00e0 \u00eatre pleinement conscients des attentes des citoyens et \u00e0 travailler activement pour surmonter les obstacles qui p\u00e8sent sur leur quotidien.<\/p>\n\n\n\n<h3 class=\"wp-block-heading\">Un h\u00e9ritage lourd de d\u00e9fis<\/h3>\n\n\n\n<p>Le chef de l\u2019\u00c9tat a reconnu l\u2019ampleur des d\u00e9fis h\u00e9rit\u00e9s des gouvernements pr\u00e9c\u00e9dents, qualifiant la situation actuelle de <strong>\u00ab lourd h\u00e9ritage et de destruction significative \u00bb<\/strong>. Cependant, il a encourag\u00e9 les membres du gouvernement \u00e0 faire preuve de d\u00e9termination et de patriotisme.<\/p>\n\n\n\n<p>\u00ab Chaque responsable doit agir comme un militant, anim\u00e9 par un profond amour pour la Tunisie et pr\u00eat \u00e0 tout pour la servir \u00bb, a d\u00e9clar\u00e9 Ka\u00efs Sa\u00efed.<\/p>\n\n\n\n<h3 class=\"wp-block-heading\">Une mobilisation pour l\u2019avenir<\/h3>\n\n\n\n<p>Cette rencontre refl\u00e8te la volont\u00e9 du pr\u00e9sident de mobiliser son gouvernement autour d\u2019une dynamique de r\u00e9forme et de reconstruction, face aux d\u00e9fis politiques, \u00e9conomiques et sociaux qui entravent le d\u00e9veloppement du pays.<\/p>\n","protected":false},"excerpt":{"rendered":"<p>Le pr\u00e9sident de la R\u00e9publique, Ka\u00efs Sa\u00efed, a pr\u00e9sid\u00e9 une r\u00e9union importante des membres du gouvernement le 18 d\u00e9cembre 2024 au Palais de Carthage. Cette rencontre visait \u00e0 mobiliser les responsables autour des d\u00e9fis urgents auxquels fait face la Tunisie. Appel \u00e0 une approche centr\u00e9e sur le peuple Lors de cette r\u00e9union, Ka\u00efs Sa\u00efed a [&hellip;]<\/p>\n","protected":false},"author":1,"featured_media":1511,"comment_status":"open","ping_status":"open","sticky":false,"template":"","format":"standard","meta":{"footnotes":""},"categories":[25],"tags":[],"class_list":{"0":"post-1510","1":"post","2":"type-post","3":"status-publish","4":"format-standard","5":"has-post-thumbnail","7":"category-actualites-politiques"},"_links":{"self":[{"href":"https:\/\/live-kora-tv.com\/fr\/wp-json\/wp\/v2\/posts\/1510","targetHints":{"allow":["GET"]}}],"collection":[{"href":"https:\/\/live-kora-tv.com\/fr\/wp-json\/wp\/v2\/posts"}],"about":[{"href":"https:\/\/live-kora-tv.com\/fr\/wp-json\/wp\/v2\/types\/post"}],"author":[{"embeddable":true,"href":"https:\/\/live-kora-tv.com\/fr\/wp-json\/wp\/v2\/users\/1"}],"replies":[{"embeddable":true,"href":"https:\/\/live-kora-tv.com\/fr\/wp-json\/wp\/v2\/comments?post=1510"}],"version-history":[{"count":1,"href":"https:\/\/live-kora-tv.com\/fr\/wp-json\/wp\/v2\/posts\/1510\/revisions"}],"predecessor-version":[{"id":1513,"href":"https:\/\/live-kora-tv.com\/fr\/wp-json\/wp\/v2\/posts\/1510\/revisions\/1513"}],"wp:featuredmedia":[{"embeddable":true,"href":"https:\/\/live-kora-tv.com\/fr\/wp-json\/wp\/v2\/media\/1511"}],"wp:attachment":[{"href":"https:\/\/live-kora-tv.com\/fr\/wp-json\/wp\/v2\/media?parent=1510"}],"wp:term":[{"taxonomy":"category","embeddable":true,"href":"https:\/\/live-kora-tv.com\/fr\/wp-json\/wp\/v2\/categories?post=1510"},{"taxonomy":"post_tag","embeddable":true,"href":"https:\/\/live-kora-tv.com\/fr\/wp-json\/wp\/v2\/tags?post=1510"}],"curies":[{"name":"wp","href":"https:\/\/api.w.org\/{rel}","templated":true}]}}