{"id":15323,"date":"2026-03-10T15:49:33","date_gmt":"2026-03-10T13:49:33","guid":{"rendered":"https:\/\/live-kora-tv.com\/tunisie-algerie-deux-nouvelles-lignes-terrestres-pour-renforcer-la-mobilite-entre-les-deux-pays\/"},"modified":"2026-03-10T15:49:35","modified_gmt":"2026-03-10T13:49:35","slug":"tunisie-algerie-deux-nouvelles-lignes-terrestres-pour-renforcer-la-mobilite-entre-les-deux-pays","status":"publish","type":"post","link":"https:\/\/live-kora-tv.com\/fr\/tunisie-algerie-deux-nouvelles-lignes-terrestres-pour-renforcer-la-mobilite-entre-les-deux-pays\/","title":{"rendered":"Tunisie-Alg\u00e9rie : Deux nouvelles lignes terrestres pour renforcer la mobilit\u00e9 entre les deux pays"},"content":{"rendered":"\n<p>La Soci\u00e9t\u00e9 nationale de transport interurbain a annonc\u00e9 le lancement de deux nouvelles lignes internationales reliant la Tunisie \u00e0 l&rsquo;Alg\u00e9rie, en coop\u00e9ration avec l&rsquo;Organisation des transports et des services de l&rsquo;universit\u00e9 publique \u00e9conomique alg\u00e9rienne. Cette annonce s&rsquo;inscrit dans le cadre du renforcement de la mobilit\u00e9 entre les deux pays fr\u00e8res et de la facilitation de l&rsquo;acc\u00e8s pour les \u00e9tudiants, les familles, les commer\u00e7ants et les voyageurs.   <\/p>\n\n<h3 class=\"wp-block-heading\">La premi\u00e8re ligne : Tunis &#8211; Alger <\/h3>\n\n<ul class=\"wp-block-list\">\n<li><strong>Date du premier vol<\/strong>: Jeudi 12 mars 2026, d\u00e9part de la gare de Bab Alioua \u00e0 Tunis \u00e0 20h00.<\/li>\n\n\n\n<li>L&rsquo;<strong>itin\u00e9raire<\/strong>: La ligne traverse plusieurs villes tunisiennes et alg\u00e9riennes, notamment El Kef, Tajerouine, Qalaa Sinan, Constantine, S\u00e9tif, Bordj Bouregreg, puis Alger.<\/li>\n\n\n\n<li><strong>Fr\u00e9quence<\/strong>: Deux vols hebdomadaires dans chaque direction (jeudi et samedi depuis la Tunisie, jeudi et samedi depuis l&rsquo;Alg\u00e9rie), tous deux \u00e0 20h00.<\/li>\n<\/ul>\n\n<h3 class=\"wp-block-heading\">La deuxi\u00e8me ligne : Tunis &#8211; Annaba <\/h3>\n\n<ul class=\"wp-block-list\">\n<li><strong>Date du premier vol<\/strong>: Vendredi 13 mars 2026, d\u00e9part de la gare de Bab Saadoun \u00e0 Tunis \u00e0 07h00.<\/li>\n\n\n\n<li>L&rsquo;<strong>itin\u00e9raire<\/strong>: passe par Baja, Jendouba, Ain Draham, Babouche, Laayoune, El Qala (province de Tarf), Ain Assel, Benmehidi, puis Annaba.<\/li>\n\n\n\n<li><strong>Fr\u00e9quence<\/strong>: Quatre vols hebdomadaires dans chaque direction (jeudi, vendredi, samedi, dimanche), avec un d\u00e9part r\u00e9gulier \u00e0 07h00.<\/li>\n<\/ul>\n\n<h3 class=\"wp-block-heading\">Informations importantes pour les voyageurs<\/h3>\n\n<ul class=\"wp-block-list\">\n<li>La pr\u00e9-r\u00e9servation est recommand\u00e9e aux gares de Bab Saadoun et Bab Aliwa ou aupr\u00e8s des agences commerciales agr\u00e9\u00e9es.<\/li>\n\n\n\n<li>Tous les passagers doivent \u00eatre munis d&rsquo;un passeport en cours de validit\u00e9 pour franchir la fronti\u00e8re.<\/li>\n\n\n\n<li>La compagnie suit de pr\u00e8s la situation en mati\u00e8re de s\u00e9curit\u00e9 et de logistique afin d&rsquo;assurer la s\u00e9curit\u00e9 et la continuit\u00e9 des vols.<\/li>\n<\/ul>\n\n<h3 class=\"wp-block-heading\">Importance des nouvelles lignes<\/h3>\n\n<p>Ces lignes s&rsquo;inscrivent dans le cadre du renforcement des liens \u00e9conomiques, sociaux et culturels entre la Tunisie et l&rsquo;Alg\u00e9rie, et facilitent la mobilit\u00e9 de larges groupes de citoyens, en particulier les \u00e9tudiants, les familles et les commer\u00e7ants, de part et d&rsquo;autre de la fronti\u00e8re. Elles favorisent \u00e9galement le tourisme int\u00e9rieur entre les zones frontali\u00e8res et contribuent \u00e0 all\u00e9ger la pression sur les autres vols a\u00e9riens et terrestres.   <\/p>\n","protected":false},"excerpt":{"rendered":"<p>La Soci\u00e9t\u00e9 nationale de transport interurbain a annonc\u00e9 le lancement de deux nouvelles lignes internationales reliant la Tunisie \u00e0 l&rsquo;Alg\u00e9rie, en coop\u00e9ration avec l&rsquo;Organisation des transports et des services de l&rsquo;universit\u00e9 publique \u00e9conomique alg\u00e9rienne. Cette annonce s&rsquo;inscrit dans le cadre du renforcement de la mobilit\u00e9 entre les deux pays fr\u00e8res et de la facilitation de [&hellip;]<\/p>\n","protected":false},"author":4,"featured_media":15308,"comment_status":"open","ping_status":"open","sticky":false,"template":"","format":"standard","meta":{"footnotes":""},"categories":[68],"tags":[],"class_list":{"0":"post-15323","1":"post","2":"type-post","3":"status-publish","4":"format-standard","5":"has-post-thumbnail","7":"category-communaute"},"_links":{"self":[{"href":"https:\/\/live-kora-tv.com\/fr\/wp-json\/wp\/v2\/posts\/15323","targetHints":{"allow":["GET"]}}],"collection":[{"href":"https:\/\/live-kora-tv.com\/fr\/wp-json\/wp\/v2\/posts"}],"about":[{"href":"https:\/\/live-kora-tv.com\/fr\/wp-json\/wp\/v2\/types\/post"}],"author":[{"embeddable":true,"href":"https:\/\/live-kora-tv.com\/fr\/wp-json\/wp\/v2\/users\/4"}],"replies":[{"embeddable":true,"href":"https:\/\/live-kora-tv.com\/fr\/wp-json\/wp\/v2\/comments?post=15323"}],"version-history":[{"count":1,"href":"https:\/\/live-kora-tv.com\/fr\/wp-json\/wp\/v2\/posts\/15323\/revisions"}],"predecessor-version":[{"id":15326,"href":"https:\/\/live-kora-tv.com\/fr\/wp-json\/wp\/v2\/posts\/15323\/revisions\/15326"}],"wp:featuredmedia":[{"embeddable":true,"href":"https:\/\/live-kora-tv.com\/fr\/wp-json\/wp\/v2\/media\/15308"}],"wp:attachment":[{"href":"https:\/\/live-kora-tv.com\/fr\/wp-json\/wp\/v2\/media?parent=15323"}],"wp:term":[{"taxonomy":"category","embeddable":true,"href":"https:\/\/live-kora-tv.com\/fr\/wp-json\/wp\/v2\/categories?post=15323"},{"taxonomy":"post_tag","embeddable":true,"href":"https:\/\/live-kora-tv.com\/fr\/wp-json\/wp\/v2\/tags?post=15323"}],"curies":[{"name":"wp","href":"https:\/\/api.w.org\/{rel}","templated":true}]}}