{"id":15357,"date":"2026-03-11T13:09:58","date_gmt":"2026-03-11T11:09:58","guid":{"rendered":"https:\/\/live-kora-tv.com\/le-bahrein-affirme-que-plus-de-280-attaques-aeriennes-ont-ete-dejouees-depuis-le-debut-de-lescalade-iranienne\/"},"modified":"2026-03-11T13:10:01","modified_gmt":"2026-03-11T11:10:01","slug":"le-bahrein-affirme-que-plus-de-280-attaques-aeriennes-ont-ete-dejouees-depuis-le-debut-de-lescalade-iranienne","status":"publish","type":"post","link":"https:\/\/live-kora-tv.com\/fr\/le-bahrein-affirme-que-plus-de-280-attaques-aeriennes-ont-ete-dejouees-depuis-le-debut-de-lescalade-iranienne\/","title":{"rendered":"Le Bahre\u00efn affirme que plus de 280 attaques a\u00e9riennes ont \u00e9t\u00e9 d\u00e9jou\u00e9es depuis le d\u00e9but de l&rsquo;escalade iranienne."},"content":{"rendered":"\n<p>Le commandement g\u00e9n\u00e9ral des forces de d\u00e9fense de Bahre\u00efn a annonc\u00e9 mercredi que ses syst\u00e8mes de d\u00e9fense a\u00e9rienne avaient intercept\u00e9 et d\u00e9truit 106 missiles et 176 drones depuis le d\u00e9but des attaques iraniennes visant le royaume.  <\/p>\n\n<p>Dans une d\u00e9claration officielle, le commandement g\u00e9n\u00e9ral a affirm\u00e9 que le fait de cibler des objets civils et des propri\u00e9t\u00e9s priv\u00e9es \u00e0 l&rsquo;aide de missiles balistiques et de drones constitue une violation flagrante du droit humanitaire international et de la charte des Nations unies, et que ces attaques aveugles repr\u00e9sentent une menace directe pour la s\u00e9curit\u00e9 et la stabilit\u00e9 dans la r\u00e9gion. <\/p>\n\n<p>La d\u00e9claration ajoute que les forces de d\u00e9fense a\u00e9rienne bahre\u00efniennes ont fait face aux menaces a\u00e9riennes avec une grande efficacit\u00e9, les missiles et les drones ayant \u00e9t\u00e9 d\u00e9tect\u00e9s d\u00e8s leur entr\u00e9e dans l&rsquo;espace a\u00e9rien du Royaume, avant d&rsquo;\u00eatre intercept\u00e9s et neutralis\u00e9s sans causer de dommages majeurs aux infrastructures vitales.  <\/p>\n\n<p>Ces d\u00e9veloppements interviennent dans un contexte d&rsquo;escalade des tensions militaires au Moyen-Orient, Bahre\u00efn, ainsi qu&rsquo;un certain nombre de pays arabes, ayant fait l&rsquo;objet d&rsquo;attaques r\u00e9p\u00e9t\u00e9es de roquettes et de drones au cours de la p\u00e9riode r\u00e9cente. <\/p>\n\n<p>Le commandement g\u00e9n\u00e9ral de la BDF a \u00e9galement soulign\u00e9 l&rsquo;\u00e9tat de pr\u00e9paration de ses forces et leur enti\u00e8re disponibilit\u00e9 pour faire face \u00e0 toute menace \u00e0 la s\u00e9curit\u00e9 du Royaume et \u00e0 la s\u00e9curit\u00e9 de ses citoyens et r\u00e9sidents.<\/p>\n\n<p>Bahre\u00efn a appel\u00e9 la communaut\u00e9 internationale \u00e0 adopter une position claire sur ces attaques et \u00e0 \u0153uvrer pour limiter l&rsquo;escalade qui menace la s\u00e9curit\u00e9 r\u00e9gionale et accro\u00eet les tensions dans la r\u00e9gion.  <\/p>\n\n<p>Ces attaques ont \u00e9t\u00e9 largement condamn\u00e9es par plusieurs pays et organisations internationales, qui ont appel\u00e9 \u00e0 y mettre fin, en respectant les r\u00e8gles du droit international et en assurant la protection des civils et des infrastructures vitales. <\/p>\n","protected":false},"excerpt":{"rendered":"<p>Le commandement g\u00e9n\u00e9ral des forces de d\u00e9fense de Bahre\u00efn a annonc\u00e9 mercredi que ses syst\u00e8mes de d\u00e9fense a\u00e9rienne avaient intercept\u00e9 et d\u00e9truit 106 missiles et 176 drones depuis le d\u00e9but des attaques iraniennes visant le royaume. Dans une d\u00e9claration officielle, le commandement g\u00e9n\u00e9ral a affirm\u00e9 que le fait de cibler des objets civils et des [&hellip;]<\/p>\n","protected":false},"author":4,"featured_media":15355,"comment_status":"open","ping_status":"open","sticky":false,"template":"","format":"standard","meta":{"footnotes":""},"categories":[69],"tags":[],"class_list":{"0":"post-15357","1":"post","2":"type-post","3":"status-publish","4":"format-standard","5":"has-post-thumbnail","7":"category-nouvelles-du-monde"},"_links":{"self":[{"href":"https:\/\/live-kora-tv.com\/fr\/wp-json\/wp\/v2\/posts\/15357","targetHints":{"allow":["GET"]}}],"collection":[{"href":"https:\/\/live-kora-tv.com\/fr\/wp-json\/wp\/v2\/posts"}],"about":[{"href":"https:\/\/live-kora-tv.com\/fr\/wp-json\/wp\/v2\/types\/post"}],"author":[{"embeddable":true,"href":"https:\/\/live-kora-tv.com\/fr\/wp-json\/wp\/v2\/users\/4"}],"replies":[{"embeddable":true,"href":"https:\/\/live-kora-tv.com\/fr\/wp-json\/wp\/v2\/comments?post=15357"}],"version-history":[{"count":1,"href":"https:\/\/live-kora-tv.com\/fr\/wp-json\/wp\/v2\/posts\/15357\/revisions"}],"predecessor-version":[{"id":15359,"href":"https:\/\/live-kora-tv.com\/fr\/wp-json\/wp\/v2\/posts\/15357\/revisions\/15359"}],"wp:featuredmedia":[{"embeddable":true,"href":"https:\/\/live-kora-tv.com\/fr\/wp-json\/wp\/v2\/media\/15355"}],"wp:attachment":[{"href":"https:\/\/live-kora-tv.com\/fr\/wp-json\/wp\/v2\/media?parent=15357"}],"wp:term":[{"taxonomy":"category","embeddable":true,"href":"https:\/\/live-kora-tv.com\/fr\/wp-json\/wp\/v2\/categories?post=15357"},{"taxonomy":"post_tag","embeddable":true,"href":"https:\/\/live-kora-tv.com\/fr\/wp-json\/wp\/v2\/tags?post=15357"}],"curies":[{"name":"wp","href":"https:\/\/api.w.org\/{rel}","templated":true}]}}