{"id":15363,"date":"2026-03-11T14:19:43","date_gmt":"2026-03-11T12:19:43","guid":{"rendered":"https:\/\/live-kora-tv.com\/la-crise-politique-frappe-le-football-des-joueurs-iraniens-obtiennent-lasile-humanitaire-en-australie\/"},"modified":"2026-03-11T14:19:47","modified_gmt":"2026-03-11T12:19:47","slug":"la-crise-politique-frappe-le-football-des-joueurs-iraniens-obtiennent-lasile-humanitaire-en-australie","status":"publish","type":"post","link":"https:\/\/live-kora-tv.com\/fr\/la-crise-politique-frappe-le-football-des-joueurs-iraniens-obtiennent-lasile-humanitaire-en-australie\/","title":{"rendered":"La crise politique frappe le football : Des joueurs iraniens obtiennent l&rsquo;asile humanitaire en Australie"},"content":{"rendered":"\n<p>L&rsquo;Australie a accord\u00e9 mercredi des visas humanitaires \u00e0 deux autres membres de l&rsquo;\u00e9quipe iranienne de football f\u00e9minin, qui avaient d\u00e9cid\u00e9 de rester dans le pays parce qu&rsquo;elles craignaient pour leur s\u00e9curit\u00e9 si elles retournaient en Iran. <\/p>\n\n<p>Le ministre australien de l&rsquo;int\u00e9rieur, Tony Burke, a d\u00e9clar\u00e9 qu&rsquo;une joueuse et un membre de l&rsquo;\u00e9quipe d&rsquo;encadrement avaient accept\u00e9 l&rsquo;offre de visa humanitaire du gouvernement australien, au lendemain de l&rsquo;octroi de l&rsquo;asile \u00e0 cinq joueurs de l&rsquo;\u00e9quipe. <\/p>\n\n<p>\u00ab\u00a0Je leur ai fait la m\u00eame offre qu&rsquo;\u00e0 cinq joueurs la veille\u00a0\u00bb, a d\u00e9clar\u00e9 Burke aux journalistes :<br\/><\/p>\n\n<p>Il a ajout\u00e9 :<br\/>\u00ab\u00a0S&rsquo;ils voulaient obtenir un visa humanitaire en Australie, qui pourrait plus tard ouvrir une voie vers la r\u00e9sidence permanente, les documents \u00e9taient pr\u00eats \u00e0 \u00eatre trait\u00e9s imm\u00e9diatement\u00a0\u00bb.  <\/p>\n\n<p>Les autorit\u00e9s australiennes se sont entretenues s\u00e9par\u00e9ment avec la plupart des membres de l&rsquo;\u00e9quipe \u00e0 l&rsquo;a\u00e9roport de Sydney et leur ont expliqu\u00e9 les options qui s&rsquo;offraient \u00e0 eux avant qu&rsquo;ils ne quittent le pays.<\/p>\n\n<p>Le ministre a soulign\u00e9 que les autorit\u00e9s souhaitaient donner aux joueurs suffisamment de temps pour prendre leur d\u00e9cision sans aucune pression.<\/p>\n\n<p><br\/>\u00ab\u00a0Nous avons veill\u00e9 \u00e0 ne pas nous pr\u00e9cipiter et \u00e0 ne pas exercer de pression\u00a0\u00bb, a-t-il d\u00e9clar\u00e9 lors d&rsquo;une conf\u00e9rence de presse \u00e0 Canberra. \u00ab\u00a0Tout visait \u00e0 garantir la dignit\u00e9 de ces personnes au moment de prendre leur d\u00e9cision.<\/p>\n\n<p>Apr\u00e8s avoir discut\u00e9 des options avec leurs familles, les membres restants de l&rsquo;\u00e9quipe ont d\u00e9cid\u00e9 de rejeter l&rsquo;offre australienne et de quitter le pays, arrivant \u00e0 Kuala Lumpur sur le chemin du retour vers l&rsquo;Iran.  <\/p>\n\n<h3 class=\"wp-block-heading\">Les tensions politiques hantent l&rsquo;\u00e9quipe<\/h3>\n\n<p>Les inqui\u00e9tudes concernant la s\u00e9curit\u00e9 des joueuses se sont intensifi\u00e9es apr\u00e8s que les m\u00e9dias d&rsquo;\u00c9tat iraniens ont qualifi\u00e9 l&rsquo;\u00e9quipe de \u00ab\u00a0tra\u00eetres en temps de guerre\u00a0\u00bb apr\u00e8s que les joueuses ont refus\u00e9 de chanter l&rsquo;hymne national lors d&rsquo;un match de la Coupe d&rsquo;Asie en Australie. <\/p>\n\n<p>La participation de l&rsquo;\u00e9quipe iranienne au tournoi est intervenue \u00e0 un moment d\u00e9licat, puisqu&rsquo;elle a co\u00efncid\u00e9 avec l&rsquo;escalade des tensions militaires apr\u00e8s les frappes a\u00e9riennes am\u00e9ricaines et isra\u00e9liennes sur l&rsquo;Iran, qui ont entra\u00een\u00e9 la mort du guide supr\u00eame de la R\u00e9publique islamique, l&rsquo;ayatollah Ali Khamenei.  <\/p>\n\n<p>L&rsquo;\u00e9quipe nationale iranienne a quitt\u00e9 le tournoi dimanche apr\u00e8s avoir mis fin \u00e0 sa campagne.<\/p>\n\n<h3 class=\"wp-block-heading\">Manifestations en Australie<\/h3>\n\n<p>En Australie, un certain nombre d&rsquo;Iraniens vivant dans le pays se sont rassembl\u00e9s pour protester contre le gouvernement iranien, et certains d&rsquo;entre eux ont encercl\u00e9 le bus de l&rsquo;\u00e9quipe dans la ville de Gold Coast alors qu&rsquo;il quittait l&rsquo;h\u00f4tel pour se rendre \u00e0 l&rsquo;a\u00e9roport.  <\/p>\n\n<p>Des images t\u00e9l\u00e9vis\u00e9es ont \u00e9galement montr\u00e9 un grand nombre de manifestants \u00e0 l&rsquo;a\u00e9roport de Sydney mardi soir, alors que l&rsquo;\u00e9quipe \u00e9tait transport\u00e9e vers le terminal international.<\/p>\n\n<p>Le procureur g\u00e9n\u00e9ral de l&rsquo;Iran a annonc\u00e9 que les membres restants de l&rsquo;\u00e9quipe \u00e9taient invit\u00e9s \u00e0 retourner dans le pays \u00ab\u00a0en paix et en confiance\u00a0\u00bb, ont rapport\u00e9 les m\u00e9dias iraniens.  <\/p>\n","protected":false},"excerpt":{"rendered":"<p>L&rsquo;Australie a accord\u00e9 mercredi des visas humanitaires \u00e0 deux autres membres de l&rsquo;\u00e9quipe iranienne de football f\u00e9minin, qui avaient d\u00e9cid\u00e9 de rester dans le pays parce qu&rsquo;elles craignaient pour leur s\u00e9curit\u00e9 si elles retournaient en Iran. Le ministre australien de l&rsquo;int\u00e9rieur, Tony Burke, a d\u00e9clar\u00e9 qu&rsquo;une joueuse et un membre de l&rsquo;\u00e9quipe d&rsquo;encadrement avaient accept\u00e9 [&hellip;]<\/p>\n","protected":false},"author":4,"featured_media":15361,"comment_status":"open","ping_status":"open","sticky":false,"template":"","format":"standard","meta":{"footnotes":""},"categories":[20],"tags":[],"class_list":{"0":"post-15363","1":"post","2":"type-post","3":"status-publish","4":"format-standard","5":"has-post-thumbnail","7":"category-actualites-sportives"},"_links":{"self":[{"href":"https:\/\/live-kora-tv.com\/fr\/wp-json\/wp\/v2\/posts\/15363","targetHints":{"allow":["GET"]}}],"collection":[{"href":"https:\/\/live-kora-tv.com\/fr\/wp-json\/wp\/v2\/posts"}],"about":[{"href":"https:\/\/live-kora-tv.com\/fr\/wp-json\/wp\/v2\/types\/post"}],"author":[{"embeddable":true,"href":"https:\/\/live-kora-tv.com\/fr\/wp-json\/wp\/v2\/users\/4"}],"replies":[{"embeddable":true,"href":"https:\/\/live-kora-tv.com\/fr\/wp-json\/wp\/v2\/comments?post=15363"}],"version-history":[{"count":1,"href":"https:\/\/live-kora-tv.com\/fr\/wp-json\/wp\/v2\/posts\/15363\/revisions"}],"predecessor-version":[{"id":15364,"href":"https:\/\/live-kora-tv.com\/fr\/wp-json\/wp\/v2\/posts\/15363\/revisions\/15364"}],"wp:featuredmedia":[{"embeddable":true,"href":"https:\/\/live-kora-tv.com\/fr\/wp-json\/wp\/v2\/media\/15361"}],"wp:attachment":[{"href":"https:\/\/live-kora-tv.com\/fr\/wp-json\/wp\/v2\/media?parent=15363"}],"wp:term":[{"taxonomy":"category","embeddable":true,"href":"https:\/\/live-kora-tv.com\/fr\/wp-json\/wp\/v2\/categories?post=15363"},{"taxonomy":"post_tag","embeddable":true,"href":"https:\/\/live-kora-tv.com\/fr\/wp-json\/wp\/v2\/tags?post=15363"}],"curies":[{"name":"wp","href":"https:\/\/api.w.org\/{rel}","templated":true}]}}