{"id":15381,"date":"2026-03-12T09:14:10","date_gmt":"2026-03-12T07:14:10","guid":{"rendered":"https:\/\/live-kora-tv.com\/la-tunisie-revele-levolution-du-dossier-de-ses-ressortissants-bloques-dans-les-pays-du-golfe\/"},"modified":"2026-03-12T09:14:13","modified_gmt":"2026-03-12T07:14:13","slug":"la-tunisie-revele-levolution-du-dossier-de-ses-ressortissants-bloques-dans-les-pays-du-golfe","status":"publish","type":"post","link":"https:\/\/live-kora-tv.com\/fr\/la-tunisie-revele-levolution-du-dossier-de-ses-ressortissants-bloques-dans-les-pays-du-golfe\/","title":{"rendered":"La Tunisie r\u00e9v\u00e8le l&rsquo;\u00e9volution du dossier de ses ressortissants bloqu\u00e9s dans les pays du Golfe"},"content":{"rendered":"\n<p>Le ministre des Affaires \u00e9trang\u00e8res, de l&rsquo;Immigration et des Tunisiens \u00e0 l&rsquo;\u00e9tranger, Mohamed Ali al-Nafti, a fait le point sur la situation des Tunisiens bloqu\u00e9s dans la r\u00e9gion du Golfe et au Moyen-Orient, \u00e0 la lumi\u00e8re des r\u00e9centes tensions dans la r\u00e9gion. <\/p>\n\n<p>Les propos du ministre ont \u00e9t\u00e9 tenus mercredi lors d&rsquo;une audition organis\u00e9e par la Commission des relations ext\u00e9rieures de la Chambre des repr\u00e9sentants, consacr\u00e9e \u00e0 l&rsquo;examen du projet de loi organique n\u00b0 07 de 2026 ainsi qu&rsquo;\u00e0 la situation de la diaspora tunisienne au Moyen-Orient.  <\/p>\n\n<h3 class=\"wp-block-heading\">Cellule de crise pour suivre la situation de la communaut\u00e9<\/h3>\n\n<p>Le minist\u00e8re des affaires \u00e9trang\u00e8res a mis en place une cellule de crise pour suivre la situation des Tunisiens dans les pays du Golfe et du Moyen-Orient, a indiqu\u00e9 M. al-Nafti, notant qu&rsquo;il y a une communication constante avec les membres de la communaut\u00e9 \u00e0 travers les missions diplomatiques et consulaires dans la r\u00e9gion. <\/p>\n\n<h3 class=\"wp-block-heading\">Retour des p\u00e8lerins bloqu\u00e9s en Arabie Saoudite<\/h3>\n\n<p>Le ministre a indiqu\u00e9 que le minist\u00e8re avait coordonn\u00e9 le retour de tous les p\u00e8lerins tunisiens bloqu\u00e9s en Arabie saoudite, des vols ayant \u00e9t\u00e9 organis\u00e9s de l&rsquo;a\u00e9roport de Jeddah vers la Tunisie via Tunisia Airlines, d&rsquo;autres transporteurs a\u00e9riens ayant \u00e9t\u00e9 utilis\u00e9s en cas de besoin.  <\/p>\n\n<h3 class=\"wp-block-heading\">Des familles tunisiennes \u00e9vacu\u00e9es du Liban<\/h3>\n\n<p>Au cours des dix-huit derniers mois, les autorit\u00e9s tunisiennes ont \u00e9vacu\u00e9 plus de 416 familles tunisiennes du Liban, a-t-il d\u00e9clar\u00e9, pr\u00e9cisant que l&rsquo;\u00c9tat tunisien \u00e9tait pr\u00eat \u00e0 proc\u00e9der \u00e0 des \u00e9vacuations suppl\u00e9mentaires si les circonstances le justifiaient. <\/p>\n\n<h3 class=\"wp-block-heading\">Suivi de la situation des \u00e9tudiants au Qatar<\/h3>\n\n<p>En ce qui concerne la communaut\u00e9 \u00e9tudiante, M. Al-Nafti a indiqu\u00e9 que le consulat tunisien \u00e0 Doha avait re\u00e7u une p\u00e9tition des familles de 31 \u00e9tudiants tunisiens qui \u00e9tudient au Qatar. <\/p>\n\n<p>Le minist\u00e8re des affaires \u00e9trang\u00e8res est intervenu aupr\u00e8s des universit\u00e9s concern\u00e9es, qui ont fait preuve de coop\u00e9ration et de r\u00e9activit\u00e9 pour r\u00e9soudre les probl\u00e8mes soulev\u00e9s. <\/p>\n\n<h3 class=\"wp-block-heading\">Rapatriement des Tunisiens d&rsquo;Iran<\/h3>\n\n<p>Le ministre a \u00e9galement annonc\u00e9 que le minist\u00e8re des affaires \u00e9trang\u00e8res avait r\u00e9ussi \u00e0 obtenir le retour de 17 citoyens tunisiens d&rsquo;Iran dans des circonstances exceptionnelles, par la fronti\u00e8re turco-iranienne. <\/p>\n\n<p>Une cinquantaine de ressortissants tunisiens sont toujours bloqu\u00e9s sur place, a-t-il ajout\u00e9, et les autorit\u00e9s continuent de surveiller leur situation et de s&rsquo;efforcer de trouver des solutions pour leur retour. <\/p>\n\n<h3 class=\"wp-block-heading\">Facilit\u00e9s de transit \u00e0 travers l&rsquo;Arabie saoudite<\/h3>\n\n<p>En ce qui concerne les Tunisiens bloqu\u00e9s dans les pays voisins de l&rsquo;Arabie saoudite, M. Al-Nafti a indiqu\u00e9 que l&rsquo;Arabie saoudite avait ouvert ses fronti\u00e8res pour faciliter les \u00e9vacuations par voie terrestre. <\/p>\n\n<p>Dans ce contexte, 174 Tunisiens se sont vus accorder des visas de transit exceptionnels leur permettant de passer par l&rsquo;Arabie Saoudite.<\/p>\n\n<h3 class=\"wp-block-heading\">Soins aux personnes bloqu\u00e9es au Qatar et aux \u00c9mirats arabes unis<\/h3>\n\n<p>Quant aux Tunisiens bloqu\u00e9s au Qatar, notamment ceux qui \u00e9taient en transit \u00e0 l&rsquo;a\u00e9roport de Doha, le ministre a estim\u00e9 leur nombre \u00e0 une centaine de citoyens.  <\/p>\n\n<p>Qatar Airways les a h\u00e9berg\u00e9s et nourris dans le cadre des accords existants entre la Tunisie et le Qatar.<\/p>\n\n<p>Il a \u00e9galement not\u00e9 que le retour des \u00e9tudiants tunisiens bloqu\u00e9s au Kowe\u00eft via l&rsquo;Arabie Saoudite a \u00e9t\u00e9 facilit\u00e9, en plus de la pr\u00e9paration de listes de noms de Tunisiens bloqu\u00e9s \u00e0 Duba\u00ef et Abu Dhabi afin d&rsquo;obtenir les visas n\u00e9cessaires et de leur permettre de transiter par l&rsquo;Arabie Saoudite. <\/p>\n","protected":false},"excerpt":{"rendered":"<p>Le ministre des Affaires \u00e9trang\u00e8res, de l&rsquo;Immigration et des Tunisiens \u00e0 l&rsquo;\u00e9tranger, Mohamed Ali al-Nafti, a fait le point sur la situation des Tunisiens bloqu\u00e9s dans la r\u00e9gion du Golfe et au Moyen-Orient, \u00e0 la lumi\u00e8re des r\u00e9centes tensions dans la r\u00e9gion. Les propos du ministre ont \u00e9t\u00e9 tenus mercredi lors d&rsquo;une audition organis\u00e9e par [&hellip;]<\/p>\n","protected":false},"author":4,"featured_media":15379,"comment_status":"open","ping_status":"open","sticky":false,"template":"","format":"standard","meta":{"footnotes":""},"categories":[68],"tags":[],"class_list":{"0":"post-15381","1":"post","2":"type-post","3":"status-publish","4":"format-standard","5":"has-post-thumbnail","7":"category-communaute"},"_links":{"self":[{"href":"https:\/\/live-kora-tv.com\/fr\/wp-json\/wp\/v2\/posts\/15381","targetHints":{"allow":["GET"]}}],"collection":[{"href":"https:\/\/live-kora-tv.com\/fr\/wp-json\/wp\/v2\/posts"}],"about":[{"href":"https:\/\/live-kora-tv.com\/fr\/wp-json\/wp\/v2\/types\/post"}],"author":[{"embeddable":true,"href":"https:\/\/live-kora-tv.com\/fr\/wp-json\/wp\/v2\/users\/4"}],"replies":[{"embeddable":true,"href":"https:\/\/live-kora-tv.com\/fr\/wp-json\/wp\/v2\/comments?post=15381"}],"version-history":[{"count":1,"href":"https:\/\/live-kora-tv.com\/fr\/wp-json\/wp\/v2\/posts\/15381\/revisions"}],"predecessor-version":[{"id":15382,"href":"https:\/\/live-kora-tv.com\/fr\/wp-json\/wp\/v2\/posts\/15381\/revisions\/15382"}],"wp:featuredmedia":[{"embeddable":true,"href":"https:\/\/live-kora-tv.com\/fr\/wp-json\/wp\/v2\/media\/15379"}],"wp:attachment":[{"href":"https:\/\/live-kora-tv.com\/fr\/wp-json\/wp\/v2\/media?parent=15381"}],"wp:term":[{"taxonomy":"category","embeddable":true,"href":"https:\/\/live-kora-tv.com\/fr\/wp-json\/wp\/v2\/categories?post=15381"},{"taxonomy":"post_tag","embeddable":true,"href":"https:\/\/live-kora-tv.com\/fr\/wp-json\/wp\/v2\/tags?post=15381"}],"curies":[{"name":"wp","href":"https:\/\/api.w.org\/{rel}","templated":true}]}}