{"id":15405,"date":"2026-03-12T14:53:30","date_gmt":"2026-03-12T12:53:30","guid":{"rendered":"https:\/\/live-kora-tv.com\/le-ministre-iranien-des-sports-laisse-entendre-quil-ne-participera-pas-a-la-coupe-du-monde-2026\/"},"modified":"2026-03-12T14:53:33","modified_gmt":"2026-03-12T12:53:33","slug":"le-ministre-iranien-des-sports-laisse-entendre-quil-ne-participera-pas-a-la-coupe-du-monde-2026","status":"publish","type":"post","link":"https:\/\/live-kora-tv.com\/fr\/le-ministre-iranien-des-sports-laisse-entendre-quil-ne-participera-pas-a-la-coupe-du-monde-2026\/","title":{"rendered":"Le ministre iranien des sports laisse entendre qu&rsquo;il ne participera pas \u00e0 la Coupe du monde 2026"},"content":{"rendered":"\n<p>Le ministre iranien de la jeunesse et des sports, Ahmad Donia Maley, a laiss\u00e9 entendre que l&rsquo;\u00e9quipe iranienne de football pourrait manquer la Coupe du monde 2026, compte tenu de la situation politique et s\u00e9curitaire tendue du pays. <\/p>\n\n<p>Lors d&rsquo;une interview t\u00e9l\u00e9vis\u00e9e, le ministre iranien a soulign\u00e9 que les conditions actuelles ne semblent pas favorables \u00e0 la participation de l&rsquo;\u00e9quipe au plus grand tournoi de football du monde, notant que l&rsquo;assassinat d&rsquo;un des dirigeants du pays et ce qu&rsquo;il a qualifi\u00e9 de \u00ab\u00a0mesures hostiles\u00a0\u00bb \u00e0 l&rsquo;encontre de l&rsquo;Iran ont rendu la situation plus compliqu\u00e9e.  <\/p>\n\n<p>L&rsquo;\u00e9clatement de deux guerres au cours des huit ou neuf derniers mois et le lourd tribut humain qu&rsquo;elles ont engendr\u00e9 rendent difficile l&rsquo;id\u00e9e d&rsquo;une participation au tournoi \u00e0 l&rsquo;heure actuelle, a ajout\u00e9 Dunia Mali.<\/p>\n\n<p>Il a \u00e9galement soulign\u00e9 que si le pays h\u00f4te avait \u00e9t\u00e9 diff\u00e9rent, la communaut\u00e9 internationale se serait mobilis\u00e9e pour retirer le droit d&rsquo;accueillir le tournoi, en r\u00e9f\u00e9rence aux tensions politiques associ\u00e9es \u00e0 la candidature.  <\/p>\n\n<h3 class=\"wp-block-heading\">La position de la FIFA et des Etats-Unis<\/h3>\n\n<p>Le pr\u00e9sident de la FIFA, Gianni Infantino, a r\u00e9cemment r\u00e9v\u00e9l\u00e9 qu&rsquo;il avait rencontr\u00e9 le pr\u00e9sident am\u00e9ricain Donald Trump \u00e0 Washington pour discuter des derniers arrangements pour la Coupe du monde 2026.  <\/p>\n\n<p>Infantino a confirm\u00e9 via ses comptes officiels que le pr\u00e9sident am\u00e9ricain l&rsquo;avait inform\u00e9 que l&rsquo;\u00e9quipe nationale iranienne \u00e9tait invit\u00e9e \u00e0 participer au tournoi, qui se d\u00e9roulera aux \u00c9tats-Unis, au Canada et au Mexique.<\/p>\n\n<h3 class=\"wp-block-heading\">Ambigu\u00eft\u00e9 sur la participation<\/h3>\n\n<p>Ces d\u00e9clarations interviennent \u00e0 un moment o\u00f9 l&rsquo;on s&rsquo;interroge de plus en plus sur la possibilit\u00e9 d&rsquo;une participation de l&rsquo;\u00e9quipe nationale iranienne au tournoi, d&rsquo;autant plus que les tensions politiques et militaires se poursuivent dans la r\u00e9gion. <\/p>\n\n<p>La d\u00e9cision finale sur la participation d\u00e9pendra de l&rsquo;\u00e9volution de la situation politique dans les mois \u00e0 venir, alors que les trois pays organisateurs se pr\u00e9parent \u00e0 accueillir la plus grande Coupe du monde de l&rsquo;histoire, avec 48 \u00e9quipes participantes. <\/p>\n","protected":false},"excerpt":{"rendered":"<p>Le ministre iranien de la jeunesse et des sports, Ahmad Donia Maley, a laiss\u00e9 entendre que l&rsquo;\u00e9quipe iranienne de football pourrait manquer la Coupe du monde 2026, compte tenu de la situation politique et s\u00e9curitaire tendue du pays. Lors d&rsquo;une interview t\u00e9l\u00e9vis\u00e9e, le ministre iranien a soulign\u00e9 que les conditions actuelles ne semblent pas favorables [&hellip;]<\/p>\n","protected":false},"author":4,"featured_media":15403,"comment_status":"open","ping_status":"open","sticky":false,"template":"","format":"standard","meta":{"footnotes":""},"categories":[20],"tags":[],"class_list":{"0":"post-15405","1":"post","2":"type-post","3":"status-publish","4":"format-standard","5":"has-post-thumbnail","7":"category-actualites-sportives"},"_links":{"self":[{"href":"https:\/\/live-kora-tv.com\/fr\/wp-json\/wp\/v2\/posts\/15405","targetHints":{"allow":["GET"]}}],"collection":[{"href":"https:\/\/live-kora-tv.com\/fr\/wp-json\/wp\/v2\/posts"}],"about":[{"href":"https:\/\/live-kora-tv.com\/fr\/wp-json\/wp\/v2\/types\/post"}],"author":[{"embeddable":true,"href":"https:\/\/live-kora-tv.com\/fr\/wp-json\/wp\/v2\/users\/4"}],"replies":[{"embeddable":true,"href":"https:\/\/live-kora-tv.com\/fr\/wp-json\/wp\/v2\/comments?post=15405"}],"version-history":[{"count":1,"href":"https:\/\/live-kora-tv.com\/fr\/wp-json\/wp\/v2\/posts\/15405\/revisions"}],"predecessor-version":[{"id":15406,"href":"https:\/\/live-kora-tv.com\/fr\/wp-json\/wp\/v2\/posts\/15405\/revisions\/15406"}],"wp:featuredmedia":[{"embeddable":true,"href":"https:\/\/live-kora-tv.com\/fr\/wp-json\/wp\/v2\/media\/15403"}],"wp:attachment":[{"href":"https:\/\/live-kora-tv.com\/fr\/wp-json\/wp\/v2\/media?parent=15405"}],"wp:term":[{"taxonomy":"category","embeddable":true,"href":"https:\/\/live-kora-tv.com\/fr\/wp-json\/wp\/v2\/categories?post=15405"},{"taxonomy":"post_tag","embeddable":true,"href":"https:\/\/live-kora-tv.com\/fr\/wp-json\/wp\/v2\/tags?post=15405"}],"curies":[{"name":"wp","href":"https:\/\/api.w.org\/{rel}","templated":true}]}}