{"id":15424,"date":"2026-03-13T09:19:46","date_gmt":"2026-03-13T07:19:46","guid":{"rendered":"https:\/\/live-kora-tv.com\/le-mufti-de-tunisie-fixe-la-valeur-de-la-zakat-al-fitr-pour-2026\/"},"modified":"2026-03-13T09:19:48","modified_gmt":"2026-03-13T07:19:48","slug":"le-mufti-de-tunisie-fixe-la-valeur-de-la-zakat-al-fitr-pour-2026","status":"publish","type":"post","link":"https:\/\/live-kora-tv.com\/fr\/le-mufti-de-tunisie-fixe-la-valeur-de-la-zakat-al-fitr-pour-2026\/","title":{"rendered":"Le Mufti de Tunisie fixe la valeur de la Zakat al-Fitr pour 2026"},"content":{"rendered":"\n<p>Le Mufti de la R\u00e9publique tunisienne a annonc\u00e9 que le montant de la Zakat al-Fitr pour l&rsquo;ann\u00e9e 1447 de l&rsquo;H\u00e9gire (2026) sera de <strong>deux dinars tunisiens<\/strong>, \u00e9quivalant \u00e0 <strong>2 000 millim\u00e8tres<\/strong> par personne.<\/p>\n\n<p>Selon un communiqu\u00e9 publi\u00e9 par l&rsquo;Iftaa Diwan, il est pr\u00e9f\u00e9rable de retirer la Zakat al-Fitr le jour de l&rsquo;A\u00efd al-Fitr avant de se rendre \u00e0 la pri\u00e8re de l&rsquo;A\u00efd. Si elle est pr\u00e9lev\u00e9e apr\u00e8s la pri\u00e8re, elle est consid\u00e9r\u00e9e comme une charit\u00e9 ordinaire, mais elle reste obligatoire jusqu&rsquo;\u00e0 ce qu&rsquo;elle soit effectivement pay\u00e9e.  <\/p>\n\n<p>La Zakat al-Fitr peut \u00eatre vers\u00e9e un, deux ou trois jours avant l&rsquo;A\u00efd, selon l&rsquo;opinion jurisprudentielle adopt\u00e9e en Tunisie, qui est bas\u00e9e sur l&rsquo;\u00e9cole de pens\u00e9e mal\u00e9kite. D&rsquo;autres \u00e9coles, telles que les \u00e9coles Hanafi et Shafi&rsquo;i, permettent de la verser plus t\u00f4t.    <\/p>\n\n<p>La zakat al-Fitr est obligatoire pour tout musulman valide qui a plus que ses besoins de base, et elle est pay\u00e9e pour lui-m\u00eame, les membres de sa famille et toutes les personnes \u00e0 leur charge. <\/p>\n\n<p>Cette zakat vise \u00e0 purifier le je\u00fbneur du Ramadan de tout manquement qui aurait pu survenir lors de l&rsquo;accomplissement de ce culte, ainsi qu&rsquo;\u00e0 soutenir les pauvres et les n\u00e9cessiteux et \u00e0 leur permettre de c\u00e9l\u00e9brer l&rsquo;A\u00efd al-Fitr dans de meilleures conditions. <\/p>\n\n<p>Le montant de la Zakat al-Fitr \u00e9quivaut \u00e0 <strong>un sixi\u00e8me proph\u00e9tique<\/strong> des denr\u00e9es alimentaires de base commercialis\u00e9es dans le pays, telles que le bl\u00e9, l&rsquo;orge ou les dattes. Il \u00e9quivaut \u00e0 quatre portions de taille moyenne, soit environ <strong>2,5 kilogrammes de c\u00e9r\u00e9ales<\/strong> ou environ <strong>2,6 litres de denr\u00e9es alimentaires de base<\/strong>.  <\/p>\n","protected":false},"excerpt":{"rendered":"<p>Le Mufti de la R\u00e9publique tunisienne a annonc\u00e9 que le montant de la Zakat al-Fitr pour l&rsquo;ann\u00e9e 1447 de l&rsquo;H\u00e9gire (2026) sera de deux dinars tunisiens, \u00e9quivalant \u00e0 2 000 millim\u00e8tres par personne. Selon un communiqu\u00e9 publi\u00e9 par l&rsquo;Iftaa Diwan, il est pr\u00e9f\u00e9rable de retirer la Zakat al-Fitr le jour de l&rsquo;A\u00efd al-Fitr avant de [&hellip;]<\/p>\n","protected":false},"author":4,"featured_media":15422,"comment_status":"open","ping_status":"open","sticky":false,"template":"","format":"standard","meta":{"footnotes":""},"categories":[68],"tags":[],"class_list":{"0":"post-15424","1":"post","2":"type-post","3":"status-publish","4":"format-standard","5":"has-post-thumbnail","7":"category-communaute"},"_links":{"self":[{"href":"https:\/\/live-kora-tv.com\/fr\/wp-json\/wp\/v2\/posts\/15424","targetHints":{"allow":["GET"]}}],"collection":[{"href":"https:\/\/live-kora-tv.com\/fr\/wp-json\/wp\/v2\/posts"}],"about":[{"href":"https:\/\/live-kora-tv.com\/fr\/wp-json\/wp\/v2\/types\/post"}],"author":[{"embeddable":true,"href":"https:\/\/live-kora-tv.com\/fr\/wp-json\/wp\/v2\/users\/4"}],"replies":[{"embeddable":true,"href":"https:\/\/live-kora-tv.com\/fr\/wp-json\/wp\/v2\/comments?post=15424"}],"version-history":[{"count":1,"href":"https:\/\/live-kora-tv.com\/fr\/wp-json\/wp\/v2\/posts\/15424\/revisions"}],"predecessor-version":[{"id":15425,"href":"https:\/\/live-kora-tv.com\/fr\/wp-json\/wp\/v2\/posts\/15424\/revisions\/15425"}],"wp:featuredmedia":[{"embeddable":true,"href":"https:\/\/live-kora-tv.com\/fr\/wp-json\/wp\/v2\/media\/15422"}],"wp:attachment":[{"href":"https:\/\/live-kora-tv.com\/fr\/wp-json\/wp\/v2\/media?parent=15424"}],"wp:term":[{"taxonomy":"category","embeddable":true,"href":"https:\/\/live-kora-tv.com\/fr\/wp-json\/wp\/v2\/categories?post=15424"},{"taxonomy":"post_tag","embeddable":true,"href":"https:\/\/live-kora-tv.com\/fr\/wp-json\/wp\/v2\/tags?post=15424"}],"curies":[{"name":"wp","href":"https:\/\/api.w.org\/{rel}","templated":true}]}}