{"id":15430,"date":"2026-03-13T10:34:36","date_gmt":"2026-03-13T08:34:36","guid":{"rendered":"https:\/\/live-kora-tv.com\/un-avion-de-ravitaillement-americain-secrase-dans-louest-de-lirak-selon-des-temoignages-contradictoires\/"},"modified":"2026-03-13T10:34:38","modified_gmt":"2026-03-13T08:34:38","slug":"un-avion-de-ravitaillement-americain-secrase-dans-louest-de-lirak-selon-des-temoignages-contradictoires","status":"publish","type":"post","link":"https:\/\/live-kora-tv.com\/fr\/un-avion-de-ravitaillement-americain-secrase-dans-louest-de-lirak-selon-des-temoignages-contradictoires\/","title":{"rendered":"Un avion de ravitaillement am\u00e9ricain s&rsquo;\u00e9crase dans l&rsquo;ouest de l&rsquo;Irak, selon des t\u00e9moignages contradictoires"},"content":{"rendered":"\n<p>Un avion militaire am\u00e9ricain <strong>KC-135<\/strong> s&rsquo;est \u00e9cras\u00e9 vendredi \u00e0 l&rsquo;aube dans l&rsquo;ouest de l&rsquo;Irak, dans un incident qui a donn\u00e9 lieu \u00e0 des r\u00e9cits contradictoires sur ses causes, dans un contexte d&rsquo;escalade des tensions militaires dans la r\u00e9gion.  <\/p>\n\n<p>Un groupe se faisant appeler <strong>\u00ab\u00a0R\u00e9sistance islamique en Irak\u00a0\u00bb<\/strong> a d\u00e9clar\u00e9 avoir r\u00e9ussi \u00e0 abattre l&rsquo;avion et \u00e0 prendre pour cible un autre avion am\u00e9ricain dans la m\u00eame zone, notant que le second avion a \u00e9t\u00e9 contraint d&rsquo;effectuer un atterrissage d&rsquo;urgence dans un a\u00e9roport, tandis que son \u00e9quipage a r\u00e9ussi \u00e0 survivre.  <\/p>\n\n<p>Un responsable am\u00e9ricain a d\u00e9clar\u00e9 \u00e0 <strong>CNN<\/strong> que l&rsquo;avion abattu avait au <strong>moins cinq membres d&rsquo;\u00e9quipage<\/strong>\u00e0 son bord, confirmant que le second appareil signal\u00e9, \u00e9galement un KC-135, avait d\u00e9j\u00e0 atterri en toute s\u00e9curit\u00e9. <\/p>\n\n<p>Le <strong>Commandement central am\u00e9ricain (CENTCOM)<\/strong> a indiqu\u00e9 dans un communiqu\u00e9 ant\u00e9rieur qu&rsquo;un avion de ravitaillement s&rsquo;\u00e9tait \u00e9cras\u00e9 dans l&rsquo;ouest de l&rsquo;Irak, mais a confirm\u00e9 que l&rsquo;incident n&rsquo;\u00e9tait pas le r\u00e9sultat d&rsquo;un <strong>tir hostile ou ami<\/strong>, notant que des enqu\u00eates sont en cours pour d\u00e9terminer les causes exactes de l&rsquo;incident, tandis que les op\u00e9rations de recherche et de sauvetage se poursuivent sur le site de l&rsquo;\u00e9crasement.  <\/p>\n\n<p>Selon les m\u00e9dias, il s&rsquo;agit de la <strong>quatri\u00e8me perte connue d&rsquo;un avion am\u00e9ricain<\/strong> depuis le d\u00e9but des affrontements avec l&rsquo;Iran dans le cadre de la guerre. <\/p>\n\n<p>La semaine derni\u00e8re, les forces am\u00e9ricaines ont perdu <strong>trois chasseurs F-15E Strike Eagle<\/strong> au-dessus du Kowe\u00eft \u00e0 la suite d&rsquo;un tir ami accidentel. Les six membres d&rsquo;\u00e9quipage ont surv\u00e9cu en sautant en parachute. <\/p>\n\n<p>Cet accident survient alors que la r\u00e9gion est le th\u00e9\u00e2tre d&rsquo;une escalade militaire accrue et d&rsquo;attaques sporadiques visant des bases et des installations militaires en Irak et dans les \u00c9tats du Golfe.<\/p>\n","protected":false},"excerpt":{"rendered":"<p>Un avion militaire am\u00e9ricain KC-135 s&rsquo;est \u00e9cras\u00e9 vendredi \u00e0 l&rsquo;aube dans l&rsquo;ouest de l&rsquo;Irak, dans un incident qui a donn\u00e9 lieu \u00e0 des r\u00e9cits contradictoires sur ses causes, dans un contexte d&rsquo;escalade des tensions militaires dans la r\u00e9gion. Un groupe se faisant appeler \u00ab\u00a0R\u00e9sistance islamique en Irak\u00a0\u00bb a d\u00e9clar\u00e9 avoir r\u00e9ussi \u00e0 abattre l&rsquo;avion et [&hellip;]<\/p>\n","protected":false},"author":4,"featured_media":15428,"comment_status":"open","ping_status":"open","sticky":false,"template":"","format":"standard","meta":{"footnotes":""},"categories":[69],"tags":[],"class_list":{"0":"post-15430","1":"post","2":"type-post","3":"status-publish","4":"format-standard","5":"has-post-thumbnail","7":"category-nouvelles-du-monde"},"_links":{"self":[{"href":"https:\/\/live-kora-tv.com\/fr\/wp-json\/wp\/v2\/posts\/15430","targetHints":{"allow":["GET"]}}],"collection":[{"href":"https:\/\/live-kora-tv.com\/fr\/wp-json\/wp\/v2\/posts"}],"about":[{"href":"https:\/\/live-kora-tv.com\/fr\/wp-json\/wp\/v2\/types\/post"}],"author":[{"embeddable":true,"href":"https:\/\/live-kora-tv.com\/fr\/wp-json\/wp\/v2\/users\/4"}],"replies":[{"embeddable":true,"href":"https:\/\/live-kora-tv.com\/fr\/wp-json\/wp\/v2\/comments?post=15430"}],"version-history":[{"count":1,"href":"https:\/\/live-kora-tv.com\/fr\/wp-json\/wp\/v2\/posts\/15430\/revisions"}],"predecessor-version":[{"id":15431,"href":"https:\/\/live-kora-tv.com\/fr\/wp-json\/wp\/v2\/posts\/15430\/revisions\/15431"}],"wp:featuredmedia":[{"embeddable":true,"href":"https:\/\/live-kora-tv.com\/fr\/wp-json\/wp\/v2\/media\/15428"}],"wp:attachment":[{"href":"https:\/\/live-kora-tv.com\/fr\/wp-json\/wp\/v2\/media?parent=15430"}],"wp:term":[{"taxonomy":"category","embeddable":true,"href":"https:\/\/live-kora-tv.com\/fr\/wp-json\/wp\/v2\/categories?post=15430"},{"taxonomy":"post_tag","embeddable":true,"href":"https:\/\/live-kora-tv.com\/fr\/wp-json\/wp\/v2\/tags?post=15430"}],"curies":[{"name":"wp","href":"https:\/\/api.w.org\/{rel}","templated":true}]}}