{"id":15436,"date":"2026-03-13T11:51:36","date_gmt":"2026-03-13T09:51:36","guid":{"rendered":"https:\/\/live-kora-tv.com\/naim-sliti-annonce-quil-prend-sa-retraite-internationale-avec-la-tunisie\/"},"modified":"2026-03-13T11:51:39","modified_gmt":"2026-03-13T09:51:39","slug":"naim-sliti-annonce-quil-prend-sa-retraite-internationale-avec-la-tunisie","status":"publish","type":"post","link":"https:\/\/live-kora-tv.com\/fr\/naim-sliti-annonce-quil-prend-sa-retraite-internationale-avec-la-tunisie\/","title":{"rendered":"Naim Sliti annonce qu&rsquo;il prend sa retraite internationale avec la Tunisie"},"content":{"rendered":"\n<p>L&rsquo;international tunisien Naim Sliti a annonc\u00e9 aujourd&rsquo;hui, jeudi 12 mars 2026, sa retraite internationale avec l&rsquo;\u00e9quipe nationale tunisienne, \u00e0 travers une vid\u00e9o publi\u00e9e par la F\u00e9d\u00e9ration tunisienne de football sur ses plateformes officielles.   <\/p>\n\n<p>Au cours de sa carri\u00e8re internationale, Sliti a <strong>disput\u00e9 85 matches avec l&rsquo;\u00e9quipe nationale tunisienne<\/strong>, inscrivant <strong>16 buts,<\/strong>mettant fin \u00e0 une longue carri\u00e8re avec les Aigles de Carthage <strong>.<\/strong><\/p>\n\n<p>Dans sa lettre adress\u00e9e aux supporters tunisiens, le joueur de 33 ans a d\u00e9clar\u00e9 :<br\/>\u00ab\u00a0Je tenais \u00e0 vous informer que j&rsquo;ai d\u00e9cid\u00e9 de mettre un terme \u00e0 ma carri\u00e8re internationale. Le temps est venu et je crois qu&rsquo;il est temps de laisser la place \u00e0 la nouvelle g\u00e9n\u00e9ration. Vous connaissez la place que l&rsquo;\u00e9quipe nationale occupe dans mon c\u0153ur et j&rsquo;y ai v\u00e9cu des moments inoubliables qui resteront grav\u00e9s dans ma m\u00e9moire.\u00a0\u00bb  <\/p>\n\n<p>Sliti a \u00e9galement exprim\u00e9 sa gratitude \u00e0 tous ceux qui l&rsquo;ont accompagn\u00e9 durant sa carri\u00e8re en \u00e9quipe nationale, remerciant l&rsquo;Universit\u00e9 tunisienne de football et tous les entra\u00eeneurs, le personnel technique et administratif qui ont travaill\u00e9 avec lui, ainsi que ses compagnons de jeu.  <\/p>\n\n<p>Il a ajout\u00e9 :<br\/>\u00ab\u00a0Je tiens \u00e0 remercier mes co\u00e9quipiers avec lesquels j&rsquo;ai partag\u00e9 des moments qui resteront grav\u00e9s dans ma m\u00e9moire sur et en dehors du terrain. Il est vrai que nous avons v\u00e9cu des moments difficiles, mais nous sommes rest\u00e9s fr\u00e8res, et c&rsquo;est le plus important.\u00a0\u00bb  <\/p>\n\n<p>Il s&rsquo;est \u00e9galement adress\u00e9 aux supporters tunisiens en leur disant qu&rsquo;il avait esp\u00e9r\u00e9 leur apporter un troph\u00e9e majeur, mais qu&rsquo;il esp\u00e9rait que la nouvelle g\u00e9n\u00e9ration serait en mesure de r\u00e9aliser ce r\u00eave \u00e0 l&rsquo;avenir.  <\/p>\n\n<h3 class=\"wp-block-heading\">Une marche internationale<\/h3>\n\n<p>Naim Sliti a particip\u00e9 avec l&rsquo;\u00e9quipe nationale tunisienne \u00e0 plusieurs tournois majeurs, notamment la <strong>Coupe du monde Russie 2018 et la Coupe du monde Qatar 2022<\/strong>, ainsi que la <strong>Coupe arabe 2021 au Qatar<\/strong>, o\u00f9 l&rsquo;\u00e9quipe nationale tunisienne a termin\u00e9 deuxi\u00e8me. <\/p>\n\n<p>Il a particip\u00e9 \u00e0 plusieurs \u00e9ditions de la <strong>Coupe d&rsquo;Afrique des Nations<\/strong>et a \u00e9t\u00e9 l&rsquo;un des principaux \u00e9l\u00e9ments offensifs de l&rsquo;\u00e9quipe nationale ces derni\u00e8res ann\u00e9es.<\/p>\n\n<p>Au niveau des clubs, Sliti joue actuellement pour Al <strong>Shamal au Qatar<\/strong>, apr\u00e8s avoir connu des exp\u00e9riences professionnelles dans plusieurs clubs, notamment   <strong>Paris FC, Red Star, Lille et Dijon en France, Al Taifaq en Arabie Saoudite et Al Ahli au Qatar  <\/strong>.<\/p>\n\n<p>En annon\u00e7ant sa retraite internationale, Seletti tourne une page importante de sa carri\u00e8re avec l&rsquo;\u00e9quipe nationale tunisienne, laissant derri\u00e8re lui une carri\u00e8re de pr\u00e8s d&rsquo;une d\u00e9cennie avec les \u00ab\u00a0Aigles de Carthage\u00a0\u00bb.  <\/p>\n","protected":false},"excerpt":{"rendered":"<p>L&rsquo;international tunisien Naim Sliti a annonc\u00e9 aujourd&rsquo;hui, jeudi 12 mars 2026, sa retraite internationale avec l&rsquo;\u00e9quipe nationale tunisienne, \u00e0 travers une vid\u00e9o publi\u00e9e par la F\u00e9d\u00e9ration tunisienne de football sur ses plateformes officielles. Au cours de sa carri\u00e8re internationale, Sliti a disput\u00e9 85 matches avec l&rsquo;\u00e9quipe nationale tunisienne, inscrivant 16 buts,mettant fin \u00e0 une longue [&hellip;]<\/p>\n","protected":false},"author":4,"featured_media":15434,"comment_status":"open","ping_status":"open","sticky":false,"template":"","format":"standard","meta":{"footnotes":""},"categories":[20],"tags":[],"class_list":{"0":"post-15436","1":"post","2":"type-post","3":"status-publish","4":"format-standard","5":"has-post-thumbnail","7":"category-actualites-sportives"},"_links":{"self":[{"href":"https:\/\/live-kora-tv.com\/fr\/wp-json\/wp\/v2\/posts\/15436","targetHints":{"allow":["GET"]}}],"collection":[{"href":"https:\/\/live-kora-tv.com\/fr\/wp-json\/wp\/v2\/posts"}],"about":[{"href":"https:\/\/live-kora-tv.com\/fr\/wp-json\/wp\/v2\/types\/post"}],"author":[{"embeddable":true,"href":"https:\/\/live-kora-tv.com\/fr\/wp-json\/wp\/v2\/users\/4"}],"replies":[{"embeddable":true,"href":"https:\/\/live-kora-tv.com\/fr\/wp-json\/wp\/v2\/comments?post=15436"}],"version-history":[{"count":1,"href":"https:\/\/live-kora-tv.com\/fr\/wp-json\/wp\/v2\/posts\/15436\/revisions"}],"predecessor-version":[{"id":15437,"href":"https:\/\/live-kora-tv.com\/fr\/wp-json\/wp\/v2\/posts\/15436\/revisions\/15437"}],"wp:featuredmedia":[{"embeddable":true,"href":"https:\/\/live-kora-tv.com\/fr\/wp-json\/wp\/v2\/media\/15434"}],"wp:attachment":[{"href":"https:\/\/live-kora-tv.com\/fr\/wp-json\/wp\/v2\/media?parent=15436"}],"wp:term":[{"taxonomy":"category","embeddable":true,"href":"https:\/\/live-kora-tv.com\/fr\/wp-json\/wp\/v2\/categories?post=15436"},{"taxonomy":"post_tag","embeddable":true,"href":"https:\/\/live-kora-tv.com\/fr\/wp-json\/wp\/v2\/tags?post=15436"}],"curies":[{"name":"wp","href":"https:\/\/api.w.org\/{rel}","templated":true}]}}