{"id":15442,"date":"2026-03-13T13:26:32","date_gmt":"2026-03-13T11:26:32","guid":{"rendered":"https:\/\/live-kora-tv.com\/avertissement-urgent-larmee-israelienne-demande-aux-habitants-des-zones-situees-en-iran-devacuer-avant-des-frappes-imminentes\/"},"modified":"2026-03-13T13:26:34","modified_gmt":"2026-03-13T11:26:34","slug":"avertissement-urgent-larmee-israelienne-demande-aux-habitants-des-zones-situees-en-iran-devacuer-avant-des-frappes-imminentes","status":"publish","type":"post","link":"https:\/\/live-kora-tv.com\/fr\/avertissement-urgent-larmee-israelienne-demande-aux-habitants-des-zones-situees-en-iran-devacuer-avant-des-frappes-imminentes\/","title":{"rendered":"Avertissement urgent : L&rsquo;arm\u00e9e isra\u00e9lienne demande aux habitants des zones situ\u00e9es en Iran d&rsquo;\u00e9vacuer avant des frappes imminentes"},"content":{"rendered":"\n<p>L&rsquo;arm\u00e9e isra\u00e9lienne a averti les habitants d&rsquo;un certain nombre de r\u00e9gions \u00e0 l&rsquo;int\u00e9rieur de l&rsquo;Iran d&rsquo;\u00e9vacuer imm\u00e9diatement, en pr\u00e9vision de frappes militaires imminentes visant les infrastructures militaires. <\/p>\n\n<p>L&rsquo;avertissement a \u00e9t\u00e9 lanc\u00e9 par le porte-parole en langue farsi des FDI, le lieutenant-colonel Kamal Bunkhsi, qui a publi\u00e9 un message adress\u00e9 aux civils de la <strong>zone industrielle de Lia, dans la ville de Qazvin<\/strong>, ainsi qu&rsquo;aux habitants des <strong>quartiers de Vela et de Moneria, dans la capitale, T\u00e9h\u00e9ran<\/strong>.  <\/p>\n\n<p>L&rsquo;arm\u00e9e isra\u00e9lienne a l&rsquo;intention de mener des op\u00e9rations militaires dans ces zones dans les heures \u00e0 venir, indique le communiqu\u00e9, pr\u00e9cisant que ces op\u00e9rations font partie des frappes qu&rsquo;Isra\u00ebl a men\u00e9es ces derniers jours contre ce qu&rsquo;il d\u00e9crit comme l&rsquo;infrastructure militaire du r\u00e9gime iranien. <\/p>\n\n<p>Le texte de l&rsquo;avertissement pr\u00e9cise \u00e9galement que le fait de rester dans ces zones peut constituer une menace directe pour la vie des r\u00e9sidents.<br\/>\u00ab\u00a0Votre pr\u00e9sence dans ces zones met votre vie en danger\u00a0\u00bb, souligne le communiqu\u00e9. <\/p>\n\n<p>Cette mise en garde intervient dans le contexte de l&rsquo;escalade de la confrontation militaire entre Isra\u00ebl et l&rsquo;Iran, qui a donn\u00e9 lieu ces derniers jours \u00e0 une s\u00e9rie de frappes et d&rsquo;attaques visant des sites militaires et des installations strat\u00e9giques \u00e0 l&rsquo;int\u00e9rieur du territoire iranien. <\/p>\n","protected":false},"excerpt":{"rendered":"<p>L&rsquo;arm\u00e9e isra\u00e9lienne a averti les habitants d&rsquo;un certain nombre de r\u00e9gions \u00e0 l&rsquo;int\u00e9rieur de l&rsquo;Iran d&rsquo;\u00e9vacuer imm\u00e9diatement, en pr\u00e9vision de frappes militaires imminentes visant les infrastructures militaires. L&rsquo;avertissement a \u00e9t\u00e9 lanc\u00e9 par le porte-parole en langue farsi des FDI, le lieutenant-colonel Kamal Bunkhsi, qui a publi\u00e9 un message adress\u00e9 aux civils de la zone industrielle [&hellip;]<\/p>\n","protected":false},"author":4,"featured_media":15440,"comment_status":"open","ping_status":"open","sticky":false,"template":"","format":"standard","meta":{"footnotes":""},"categories":[69],"tags":[],"class_list":{"0":"post-15442","1":"post","2":"type-post","3":"status-publish","4":"format-standard","5":"has-post-thumbnail","7":"category-nouvelles-du-monde"},"_links":{"self":[{"href":"https:\/\/live-kora-tv.com\/fr\/wp-json\/wp\/v2\/posts\/15442","targetHints":{"allow":["GET"]}}],"collection":[{"href":"https:\/\/live-kora-tv.com\/fr\/wp-json\/wp\/v2\/posts"}],"about":[{"href":"https:\/\/live-kora-tv.com\/fr\/wp-json\/wp\/v2\/types\/post"}],"author":[{"embeddable":true,"href":"https:\/\/live-kora-tv.com\/fr\/wp-json\/wp\/v2\/users\/4"}],"replies":[{"embeddable":true,"href":"https:\/\/live-kora-tv.com\/fr\/wp-json\/wp\/v2\/comments?post=15442"}],"version-history":[{"count":1,"href":"https:\/\/live-kora-tv.com\/fr\/wp-json\/wp\/v2\/posts\/15442\/revisions"}],"predecessor-version":[{"id":15443,"href":"https:\/\/live-kora-tv.com\/fr\/wp-json\/wp\/v2\/posts\/15442\/revisions\/15443"}],"wp:featuredmedia":[{"embeddable":true,"href":"https:\/\/live-kora-tv.com\/fr\/wp-json\/wp\/v2\/media\/15440"}],"wp:attachment":[{"href":"https:\/\/live-kora-tv.com\/fr\/wp-json\/wp\/v2\/media?parent=15442"}],"wp:term":[{"taxonomy":"category","embeddable":true,"href":"https:\/\/live-kora-tv.com\/fr\/wp-json\/wp\/v2\/categories?post=15442"},{"taxonomy":"post_tag","embeddable":true,"href":"https:\/\/live-kora-tv.com\/fr\/wp-json\/wp\/v2\/tags?post=15442"}],"curies":[{"name":"wp","href":"https:\/\/api.w.org\/{rel}","templated":true}]}}