{"id":15489,"date":"2026-03-14T12:00:29","date_gmt":"2026-03-14T10:00:29","guid":{"rendered":"https:\/\/live-kora-tv.com\/un-quatuor-tunisien-representera-le-pays-a-la-ligue-mondiale-de-karate-a-rome-a-partir-du-13-mars\/"},"modified":"2026-03-14T12:00:33","modified_gmt":"2026-03-14T10:00:33","slug":"un-quatuor-tunisien-representera-le-pays-a-la-ligue-mondiale-de-karate-a-rome-a-partir-du-13-mars","status":"publish","type":"post","link":"https:\/\/live-kora-tv.com\/fr\/un-quatuor-tunisien-representera-le-pays-a-la-ligue-mondiale-de-karate-a-rome-a-partir-du-13-mars\/","title":{"rendered":"Un quatuor tunisien repr\u00e9sentera le pays \u00e0 la Ligue mondiale de karat\u00e9 \u00e0 Rome \u00e0 partir du 13 mars"},"content":{"rendered":"\n<p>L&rsquo;\u00e9quipe tunisienne de karat\u00e9 part aujourd&rsquo;hui, mercredi 11 mars 2026, pour la capitale italienne, Rome, afin de participer aux comp\u00e9titions de la World Karate League, pr\u00e9vues du 13 au 15 mars.  <\/p>\n\n<p>Le directeur technique national de l&rsquo;Universit\u00e9 tunisienne de karat\u00e9, Mohamed Amine El Hasnaoui, a confirm\u00e9 \u00e0 Tunis Afrique Presse que l&rsquo;\u00e9quipe sera repr\u00e9sent\u00e9e par quatre membres : Wafa Mahjoub (U61kg), Esraa Balekib (68kg), Shahinaz El Jami (68kg), et Rayan Ghazouani (U84kg).      <\/p>\n\n<h3 class=\"wp-block-heading\">Le syst\u00e8me de la Ligue mondiale et son importance<\/h3>\n\n<p>La World Karate League est organis\u00e9e en quatre \u00e9tapes au cours de l&rsquo;ann\u00e9e et s&rsquo;adresse principalement aux joueurs class\u00e9s en dehors des 32 premiers mondiaux dans chaque cat\u00e9gorie de poids. La participation a pour but d&rsquo;accumuler des points afin d&rsquo;am\u00e9liorer le classement international.  <\/p>\n\n<p>La premi\u00e8re \u00e9tape a d\u00e9but\u00e9 \u00e0 Istanbul (Turquie) en janvier, tandis que la deuxi\u00e8me \u00e9tape aura lieu \u00e0 Rome ce mois-ci. La troisi\u00e8me \u00e9tape aura lieu \u00e0 Leshan, en Chine, en avril, et les quatre itin\u00e9raires s&rsquo;ach\u00e8veront en juin \u00e0 Rabat, au Maroc.   <\/p>\n\n<h3 class=\"wp-block-heading\">Les points forts des prochaines comp\u00e9titions internationales de karat\u00e9 tunisien<\/h3>\n\n<p>Le directeur technique a pass\u00e9 en revue les principaux rendez-vous internationaux de l&rsquo;ann\u00e9e : <\/p>\n\n<ul class=\"wp-block-list\">\n<li>Les championnats du monde pour les cat\u00e9gories junior, interm\u00e9diaire et moins de 21 ans auront lieu en octobre prochain \u00e0 Bologne (Italie). <\/li>\n\n\n\n<li>Championnats d&rsquo;Afrique seniors, en septembre prochain \u00e0 Oran (Alg\u00e9rie). <\/li>\n\n\n\n<li>Les Jeux m\u00e9diterran\u00e9ens, \u00e9galement en septembre \u00e0 Tarente (Italie). <\/li>\n<\/ul>\n\n<p>Ce tournoi international amical \u00e0 Rome est une occasion pr\u00e9cieuse pour l&rsquo;\u00e9quipe nationale tunisienne de tester ses joueurs contre des adversaires europ\u00e9ens de haut niveau et d&rsquo;acqu\u00e9rir de l&rsquo;exp\u00e9rience en vue des prochaines comp\u00e9titions continentales et mondiales. <\/p>\n","protected":false},"excerpt":{"rendered":"<p>L&rsquo;\u00e9quipe tunisienne de karat\u00e9 part aujourd&rsquo;hui, mercredi 11 mars 2026, pour la capitale italienne, Rome, afin de participer aux comp\u00e9titions de la World Karate League, pr\u00e9vues du 13 au 15 mars. Le directeur technique national de l&rsquo;Universit\u00e9 tunisienne de karat\u00e9, Mohamed Amine El Hasnaoui, a confirm\u00e9 \u00e0 Tunis Afrique Presse que l&rsquo;\u00e9quipe sera repr\u00e9sent\u00e9e par [&hellip;]<\/p>\n","protected":false},"author":4,"featured_media":15447,"comment_status":"open","ping_status":"open","sticky":false,"template":"","format":"standard","meta":{"footnotes":""},"categories":[20],"tags":[],"class_list":{"0":"post-15489","1":"post","2":"type-post","3":"status-publish","4":"format-standard","5":"has-post-thumbnail","7":"category-actualites-sportives"},"_links":{"self":[{"href":"https:\/\/live-kora-tv.com\/fr\/wp-json\/wp\/v2\/posts\/15489","targetHints":{"allow":["GET"]}}],"collection":[{"href":"https:\/\/live-kora-tv.com\/fr\/wp-json\/wp\/v2\/posts"}],"about":[{"href":"https:\/\/live-kora-tv.com\/fr\/wp-json\/wp\/v2\/types\/post"}],"author":[{"embeddable":true,"href":"https:\/\/live-kora-tv.com\/fr\/wp-json\/wp\/v2\/users\/4"}],"replies":[{"embeddable":true,"href":"https:\/\/live-kora-tv.com\/fr\/wp-json\/wp\/v2\/comments?post=15489"}],"version-history":[{"count":1,"href":"https:\/\/live-kora-tv.com\/fr\/wp-json\/wp\/v2\/posts\/15489\/revisions"}],"predecessor-version":[{"id":15490,"href":"https:\/\/live-kora-tv.com\/fr\/wp-json\/wp\/v2\/posts\/15489\/revisions\/15490"}],"wp:featuredmedia":[{"embeddable":true,"href":"https:\/\/live-kora-tv.com\/fr\/wp-json\/wp\/v2\/media\/15447"}],"wp:attachment":[{"href":"https:\/\/live-kora-tv.com\/fr\/wp-json\/wp\/v2\/media?parent=15489"}],"wp:term":[{"taxonomy":"category","embeddable":true,"href":"https:\/\/live-kora-tv.com\/fr\/wp-json\/wp\/v2\/categories?post=15489"},{"taxonomy":"post_tag","embeddable":true,"href":"https:\/\/live-kora-tv.com\/fr\/wp-json\/wp\/v2\/tags?post=15489"}],"curies":[{"name":"wp","href":"https:\/\/api.w.org\/{rel}","templated":true}]}}