{"id":15495,"date":"2026-03-15T10:22:43","date_gmt":"2026-03-15T08:22:43","guid":{"rendered":"https:\/\/live-kora-tv.com\/eurovision-2026-tous-les-pays-ont-devoile-leurs-representants-diversite-musicale-et-surprises-a-vienne\/"},"modified":"2026-03-15T10:22:46","modified_gmt":"2026-03-15T08:22:46","slug":"eurovision-2026-tous-les-pays-ont-devoile-leurs-representants-diversite-musicale-et-surprises-a-vienne","status":"publish","type":"post","link":"https:\/\/live-kora-tv.com\/fr\/eurovision-2026-tous-les-pays-ont-devoile-leurs-representants-diversite-musicale-et-surprises-a-vienne\/","title":{"rendered":"\u00ab\u00a0Eurovision 2026 : Tous les pays ont d\u00e9voil\u00e9 leurs repr\u00e9sentants. Diversit\u00e9 musicale et surprises \u00e0 Vienne"},"content":{"rendered":"\n<p>Tous les pays participant \u00e0 l&rsquo;<a href=\"https:\/\/live-kora-tv.com\/%d8%b1%d9%88%d9%85%d8%a7%d9%86%d9%8a%d8%a7-%d8%aa%d8%b9%d9%88%d8%af-%d8%a5%d9%84%d9%89-%d9%8a%d9%88%d8%b1%d9%88%d9%81%d9%8a%d8%ac%d9%86-2026-%d8%a8%d8%b9%d8%af-%d8%ba%d9%8a%d8%a7%d8%a8-%d8%b9%d8%a7\/\">Eurovision 2026<\/a> ont finalis\u00e9 leurs inscriptions. ont fini d&rsquo;annoncer leurs artistes et leurs chansons pour le concours, en pr\u00e9vision de la 70e \u00e9dition, qui aura lieu \u00e0 Vienne en mai prochain. <\/p>\n\n<p>Les chansons nomin\u00e9es vont des ballades profond\u00e9ment \u00e9motionnelles aux rythmes \u00e9lectroniques dansants, en passant par les styles ethniques m\u00e9lang\u00e9s \u00e0 la modernit\u00e9 et les exp\u00e9rimentations musicales audacieuses. Selon l&rsquo;analyse des experts, certaines \u0153uvres se concentrent sur les exp\u00e9riences personnelles et les \u00e9motions humaines, d&rsquo;autres sur l&rsquo;\u00e9nergie, la vitalit\u00e9 et l&rsquo;appel au changement, tandis qu&rsquo;un troisi\u00e8me groupe v\u00e9hicule des messages sociaux ou culturels clairs.      <\/p>\n\n<figure class=\"wp-block-image size-full\"><img loading=\"lazy\" decoding=\"async\" width=\"794\" height=\"446\" src=\"https:\/\/live-kora-tv.com\/mnt\/volume_nc_20\/live-kora-tv.com\/uploads\/2026\/03\/d71c09551baad22e.jpg\" alt=\"\" class=\"wp-image-15468\" srcset=\"https:\/\/live-kora-tv.com\/mnt\/volume_nc_20\/live-kora-tv.com\/uploads\/2026\/03\/d71c09551baad22e.jpg 794w, https:\/\/live-kora-tv.com\/mnt\/volume_nc_20\/live-kora-tv.com\/uploads\/2026\/03\/d71c09551baad22e-300x169.jpg 300w, https:\/\/live-kora-tv.com\/mnt\/volume_nc_20\/live-kora-tv.com\/uploads\/2026\/03\/d71c09551baad22e-768x431.jpg 768w, https:\/\/live-kora-tv.com\/mnt\/volume_nc_20\/live-kora-tv.com\/uploads\/2026\/03\/d71c09551baad22e-748x420.jpg 748w, https:\/\/live-kora-tv.com\/mnt\/volume_nc_20\/live-kora-tv.com\/uploads\/2026\/03\/d71c09551baad22e-150x84.jpg 150w, https:\/\/live-kora-tv.com\/mnt\/volume_nc_20\/live-kora-tv.com\/uploads\/2026\/03\/d71c09551baad22e-696x391.jpg 696w\" sizes=\"auto, (max-width: 794px) 100vw, 794px\" \/><\/figure>\n\n<h3 class=\"wp-block-heading\">Vienne se pr\u00e9pare \u00e0 accueillir la 70e session<\/h3>\n\n<p>La 70e \u00e9dition du plus grand concours de chant au monde aura lieu dans la capitale autrichienne, Vienne, apr\u00e8s la victoire de JJ avec \u00ab\u00a0Wasted Love\u00a0\u00bb lors de l&rsquo;\u00e9dition pr\u00e9c\u00e9dente. La plus grande ar\u00e8ne couverte d&rsquo;Autriche, la Wiener Stadthalle, accueillera la grande finale le 16 mai 2026, les demi-finales se d\u00e9roulant les 12 et 14 mai.     <\/p>\n\n<p>Trente-cinq pays participent au concours cette ann\u00e9e, l&rsquo;Espagne \u00e9tant absente pour la premi\u00e8re fois dans l&rsquo;histoire du concours. Les \u00ab\u00a0Big Five\u00a0\u00bb (Royaume-Uni, France, Allemagne, Italie), ainsi que l&rsquo;Autriche en tant que pays h\u00f4te et pr\u00e9c\u00e9dent vainqueur, se qualifient directement pour la finale. Les autres pays s&rsquo;affrontent lors des demi-finales pour obtenir 20 places pour la grande finale.    <\/p>\n\n<h3 class=\"wp-block-heading\">Participants et chansons nomin\u00e9es (jusqu&rsquo;\u00e0 pr\u00e9sent)<\/h3>\n\n<p>Parmi les personnalit\u00e9s qui ont annonc\u00e9 leur participation jusqu&rsquo;\u00e0 pr\u00e9sent :<\/p>\n\n<ul class=\"wp-block-list\">\n<li>De nouveaux artistes participent pour la premi\u00e8re fois au concours avec des chansons ambitieuses.<\/li>\n\n\n\n<li>Les anciens favoris de l&rsquo;Eurovision reviennent avec des \u0153uvres plus matures.<\/li>\n\n\n\n<li>Une fusion de styles combinant la pop classique, l&rsquo;\u00e9lectronique et la musique ethnique contemporaine. <\/li>\n<\/ul>\n\n<p>Cette \u00e9dition est l&rsquo;occasion de prouver que le concours conserve son attrait mondial, malgr\u00e9 les d\u00e9fis auxquels il a \u00e9t\u00e9 confront\u00e9 ces derni\u00e8res ann\u00e9es, avec une grande impatience de voir les performances en direct et les surprises que le jury et le vote populaire peuvent apporter.  <\/p>\n","protected":false},"excerpt":{"rendered":"<p>Tous les pays participant \u00e0 l&rsquo;Eurovision 2026 ont finalis\u00e9 leurs inscriptions. ont fini d&rsquo;annoncer leurs artistes et leurs chansons pour le concours, en pr\u00e9vision de la 70e \u00e9dition, qui aura lieu \u00e0 Vienne en mai prochain. Les chansons nomin\u00e9es vont des ballades profond\u00e9ment \u00e9motionnelles aux rythmes \u00e9lectroniques dansants, en passant par les styles ethniques m\u00e9lang\u00e9s [&hellip;]<\/p>\n","protected":false},"author":4,"featured_media":15471,"comment_status":"open","ping_status":"open","sticky":false,"template":"","format":"standard","meta":{"footnotes":""},"categories":[23],"tags":[],"class_list":{"0":"post-15495","1":"post","2":"type-post","3":"status-publish","4":"format-standard","5":"has-post-thumbnail","7":"category-culture-et-societe"},"_links":{"self":[{"href":"https:\/\/live-kora-tv.com\/fr\/wp-json\/wp\/v2\/posts\/15495","targetHints":{"allow":["GET"]}}],"collection":[{"href":"https:\/\/live-kora-tv.com\/fr\/wp-json\/wp\/v2\/posts"}],"about":[{"href":"https:\/\/live-kora-tv.com\/fr\/wp-json\/wp\/v2\/types\/post"}],"author":[{"embeddable":true,"href":"https:\/\/live-kora-tv.com\/fr\/wp-json\/wp\/v2\/users\/4"}],"replies":[{"embeddable":true,"href":"https:\/\/live-kora-tv.com\/fr\/wp-json\/wp\/v2\/comments?post=15495"}],"version-history":[{"count":1,"href":"https:\/\/live-kora-tv.com\/fr\/wp-json\/wp\/v2\/posts\/15495\/revisions"}],"predecessor-version":[{"id":15496,"href":"https:\/\/live-kora-tv.com\/fr\/wp-json\/wp\/v2\/posts\/15495\/revisions\/15496"}],"wp:featuredmedia":[{"embeddable":true,"href":"https:\/\/live-kora-tv.com\/fr\/wp-json\/wp\/v2\/media\/15471"}],"wp:attachment":[{"href":"https:\/\/live-kora-tv.com\/fr\/wp-json\/wp\/v2\/media?parent=15495"}],"wp:term":[{"taxonomy":"category","embeddable":true,"href":"https:\/\/live-kora-tv.com\/fr\/wp-json\/wp\/v2\/categories?post=15495"},{"taxonomy":"post_tag","embeddable":true,"href":"https:\/\/live-kora-tv.com\/fr\/wp-json\/wp\/v2\/tags?post=15495"}],"curies":[{"name":"wp","href":"https:\/\/api.w.org\/{rel}","templated":true}]}}