{"id":15535,"date":"2026-03-16T15:47:03","date_gmt":"2026-03-16T13:47:03","guid":{"rendered":"https:\/\/live-kora-tv.com\/le-qatar-declare-un-jour-ferie-de-sept-jours-pour-laid-al-fitr-2026\/"},"modified":"2026-03-16T15:47:06","modified_gmt":"2026-03-16T13:47:06","slug":"le-qatar-declare-un-jour-ferie-de-sept-jours-pour-laid-al-fitr-2026","status":"publish","type":"post","link":"https:\/\/live-kora-tv.com\/fr\/le-qatar-declare-un-jour-ferie-de-sept-jours-pour-laid-al-fitr-2026\/","title":{"rendered":"Le Qatar d\u00e9clare un jour f\u00e9ri\u00e9 de sept jours pour l&rsquo;A\u00efd Al Fitr 2026"},"content":{"rendered":"\n<p>Les autorit\u00e9s du Qatar ont annonc\u00e9 un jour f\u00e9ri\u00e9 de sept jours pour c\u00e9l\u00e9brer l&rsquo;A\u00efd Al Fitr 2026 du 17 au 23 mars, qui co\u00efncide avec la fin du mois sacr\u00e9 du Ramadan.  <\/p>\n\n<p>Pendant cette p\u00e9riode, les administrations et les \u00e9coles seront ferm\u00e9es, ainsi que la plupart des entreprises du pays, dans le cadre des c\u00e9l\u00e9brations de l&rsquo;\u00e9v\u00e9nement religieux.  <\/p>\n\n<h3 class=\"wp-block-heading\">Manifestations religieuses et culturelles pendant la semaine de l&rsquo;A\u00efd<\/h3>\n\n<p>Au Qatar, l&rsquo;A\u00efd donne lieu \u00e0 toute une s\u00e9rie d&rsquo;activit\u00e9s et d&rsquo;\u00e9v\u00e9nements religieux et sociaux. Les c\u00e9l\u00e9brations comprennent des r\u00e9unions de famille et des festivals culturels, ainsi que des plats traditionnels, des repr\u00e9sentations artistiques et des activit\u00e9s caritatives.  <\/p>\n\n<p>Le minist\u00e8re de la culture et des sports du Qatar a \u00e9galement appel\u00e9 les citoyens, les r\u00e9sidents et les visiteurs \u00e0 participer aux diff\u00e9rents \u00e9v\u00e9nements de l&rsquo;A\u00efd al-Fitr et \u00e0 contribuer \u00e0 la pr\u00e9servation des coutumes et des traditions associ\u00e9es \u00e0 l&rsquo;A\u00efd al-Fitr. <\/p>\n\n<h3 class=\"wp-block-heading\">Impact positif sur le tourisme et l&rsquo;\u00e9conomie<\/h3>\n\n<p>Le secteur du tourisme devrait conna\u00eetre une activit\u00e9 importante pendant les vacances de l&rsquo;A\u00efd, avec une augmentation du nombre de visiteurs dans les sites culturels et r\u00e9cr\u00e9atifs du pays. <\/p>\n\n<p>Les experts estiment que les jours f\u00e9ri\u00e9s associ\u00e9s aux festivals contribuent \u00e0 mettre en valeur le patrimoine culturel du pays et soutiennent l&rsquo;\u00e9conomie en stimulant les secteurs du tourisme et du divertissement. <\/p>\n","protected":false},"excerpt":{"rendered":"<p>Les autorit\u00e9s du Qatar ont annonc\u00e9 un jour f\u00e9ri\u00e9 de sept jours pour c\u00e9l\u00e9brer l&rsquo;A\u00efd Al Fitr 2026 du 17 au 23 mars, qui co\u00efncide avec la fin du mois sacr\u00e9 du Ramadan. Pendant cette p\u00e9riode, les administrations et les \u00e9coles seront ferm\u00e9es, ainsi que la plupart des entreprises du pays, dans le cadre des [&hellip;]<\/p>\n","protected":false},"author":4,"featured_media":15532,"comment_status":"open","ping_status":"open","sticky":false,"template":"","format":"standard","meta":{"footnotes":""},"categories":[69],"tags":[],"class_list":{"0":"post-15535","1":"post","2":"type-post","3":"status-publish","4":"format-standard","5":"has-post-thumbnail","7":"category-nouvelles-du-monde"},"_links":{"self":[{"href":"https:\/\/live-kora-tv.com\/fr\/wp-json\/wp\/v2\/posts\/15535","targetHints":{"allow":["GET"]}}],"collection":[{"href":"https:\/\/live-kora-tv.com\/fr\/wp-json\/wp\/v2\/posts"}],"about":[{"href":"https:\/\/live-kora-tv.com\/fr\/wp-json\/wp\/v2\/types\/post"}],"author":[{"embeddable":true,"href":"https:\/\/live-kora-tv.com\/fr\/wp-json\/wp\/v2\/users\/4"}],"replies":[{"embeddable":true,"href":"https:\/\/live-kora-tv.com\/fr\/wp-json\/wp\/v2\/comments?post=15535"}],"version-history":[{"count":1,"href":"https:\/\/live-kora-tv.com\/fr\/wp-json\/wp\/v2\/posts\/15535\/revisions"}],"predecessor-version":[{"id":15536,"href":"https:\/\/live-kora-tv.com\/fr\/wp-json\/wp\/v2\/posts\/15535\/revisions\/15536"}],"wp:featuredmedia":[{"embeddable":true,"href":"https:\/\/live-kora-tv.com\/fr\/wp-json\/wp\/v2\/media\/15532"}],"wp:attachment":[{"href":"https:\/\/live-kora-tv.com\/fr\/wp-json\/wp\/v2\/media?parent=15535"}],"wp:term":[{"taxonomy":"category","embeddable":true,"href":"https:\/\/live-kora-tv.com\/fr\/wp-json\/wp\/v2\/categories?post=15535"},{"taxonomy":"post_tag","embeddable":true,"href":"https:\/\/live-kora-tv.com\/fr\/wp-json\/wp\/v2\/tags?post=15535"}],"curies":[{"name":"wp","href":"https:\/\/api.w.org\/{rel}","templated":true}]}}