{"id":15540,"date":"2026-03-16T16:14:49","date_gmt":"2026-03-16T14:14:49","guid":{"rendered":"https:\/\/live-kora-tv.com\/la-tunisie-declare-un-jour-ferie-de-trois-jours-pour-laid-al-fitr\/"},"modified":"2026-03-16T16:14:53","modified_gmt":"2026-03-16T14:14:53","slug":"la-tunisie-declare-un-jour-ferie-de-trois-jours-pour-laid-al-fitr","status":"publish","type":"post","link":"https:\/\/live-kora-tv.com\/fr\/la-tunisie-declare-un-jour-ferie-de-trois-jours-pour-laid-al-fitr\/","title":{"rendered":"La Tunisie d\u00e9clare un jour f\u00e9ri\u00e9 de trois jours pour l&rsquo;A\u00efd al-Fitr"},"content":{"rendered":"\n<p>La pr\u00e9sidence du gouvernement tunisien a annonc\u00e9 un jour f\u00e9ri\u00e9 de trois jours pour les employ\u00e9s de l&rsquo;\u00c9tat, les collectivit\u00e9s locales et les \u00e9tablissements publics \u00e0 caract\u00e8re administratif \u00e0 l&rsquo;occasion de l&rsquo;A\u00efd al-Fitr.<\/p>\n\n<p>Le cong\u00e9 couvrira les journ\u00e9es des <strong>20, 21 et 22 mars 2026<\/strong>, les administrations publiques reprenant leurs activit\u00e9s <strong>le lundi 23 mars 2026<\/strong>, selon un communiqu\u00e9 officiel.<\/p>\n\n<h3 class=\"wp-block-heading\">Retour \u00e0 l&rsquo;heure d&rsquo;hiver<\/h3>\n\n<p>La pr\u00e9sidence du gouvernement a pr\u00e9cis\u00e9 qu&rsquo;\u00e0 partir de la date de reprise du travail, l&rsquo;<strong>heure d&rsquo;hiver<\/strong> sera adopt\u00e9e dans les administrations publiques.<\/p>\n\n<p>Les heures de travail, du <strong>lundi au jeudi<\/strong>, seront r\u00e9parties en deux \u00e9quipes :<\/p>\n\n<ul class=\"wp-block-list\">\n<li><strong>08h30 \u00e0 12h30<\/strong><\/li>\n\n\n\n<li><strong>13h30 \u00e0 17h30<\/strong><\/li>\n<\/ul>\n\n<p><strong>Le vendredi<\/strong>, il y aura deux \u00e9quipes :<\/p>\n\n<ul class=\"wp-block-list\">\n<li><strong>08h00 \u00e0 13h00<\/strong><\/li>\n\n\n\n<li><strong>14h30 \u00e0 17h30<\/strong><\/li>\n<\/ul>\n\n<h3 class=\"wp-block-heading\">Assurer la continuit\u00e9 des services publics<\/h3>\n\n<p>Cette organisation comprend les fonctionnaires et les employ\u00e9s des autorit\u00e9s locales et des institutions publiques \u00e0 caract\u00e8re administratif.<\/p>\n\n<p>Ces mesures visent \u00e0 assurer la continuit\u00e9 des services publics, tout en permettant aux employ\u00e9s de c\u00e9l\u00e9brer l&rsquo;A\u00efd al-Fitr dans des conditions favorables. <\/p>\n","protected":false},"excerpt":{"rendered":"<p>La pr\u00e9sidence du gouvernement tunisien a annonc\u00e9 un jour f\u00e9ri\u00e9 de trois jours pour les employ\u00e9s de l&rsquo;\u00c9tat, les collectivit\u00e9s locales et les \u00e9tablissements publics \u00e0 caract\u00e8re administratif \u00e0 l&rsquo;occasion de l&rsquo;A\u00efd al-Fitr. Le cong\u00e9 couvrira les journ\u00e9es des 20, 21 et 22 mars 2026, les administrations publiques reprenant leurs activit\u00e9s le lundi 23 mars [&hellip;]<\/p>\n","protected":false},"author":4,"featured_media":15538,"comment_status":"open","ping_status":"open","sticky":false,"template":"","format":"standard","meta":{"footnotes":""},"categories":[23],"tags":[],"class_list":{"0":"post-15540","1":"post","2":"type-post","3":"status-publish","4":"format-standard","5":"has-post-thumbnail","7":"category-culture-et-societe"},"_links":{"self":[{"href":"https:\/\/live-kora-tv.com\/fr\/wp-json\/wp\/v2\/posts\/15540","targetHints":{"allow":["GET"]}}],"collection":[{"href":"https:\/\/live-kora-tv.com\/fr\/wp-json\/wp\/v2\/posts"}],"about":[{"href":"https:\/\/live-kora-tv.com\/fr\/wp-json\/wp\/v2\/types\/post"}],"author":[{"embeddable":true,"href":"https:\/\/live-kora-tv.com\/fr\/wp-json\/wp\/v2\/users\/4"}],"replies":[{"embeddable":true,"href":"https:\/\/live-kora-tv.com\/fr\/wp-json\/wp\/v2\/comments?post=15540"}],"version-history":[{"count":1,"href":"https:\/\/live-kora-tv.com\/fr\/wp-json\/wp\/v2\/posts\/15540\/revisions"}],"predecessor-version":[{"id":15541,"href":"https:\/\/live-kora-tv.com\/fr\/wp-json\/wp\/v2\/posts\/15540\/revisions\/15541"}],"wp:featuredmedia":[{"embeddable":true,"href":"https:\/\/live-kora-tv.com\/fr\/wp-json\/wp\/v2\/media\/15538"}],"wp:attachment":[{"href":"https:\/\/live-kora-tv.com\/fr\/wp-json\/wp\/v2\/media?parent=15540"}],"wp:term":[{"taxonomy":"category","embeddable":true,"href":"https:\/\/live-kora-tv.com\/fr\/wp-json\/wp\/v2\/categories?post=15540"},{"taxonomy":"post_tag","embeddable":true,"href":"https:\/\/live-kora-tv.com\/fr\/wp-json\/wp\/v2\/tags?post=15540"}],"curies":[{"name":"wp","href":"https:\/\/api.w.org\/{rel}","templated":true}]}}