{"id":15558,"date":"2026-03-17T10:05:53","date_gmt":"2026-03-17T08:05:53","guid":{"rendered":"https:\/\/live-kora-tv.com\/lafghanistan-accuse-le-pakistan-davoir-bombarde-lhopital-de-kaboul-faisant-etat-de-pres-de-400-morts\/"},"modified":"2026-03-17T10:05:56","modified_gmt":"2026-03-17T08:05:56","slug":"lafghanistan-accuse-le-pakistan-davoir-bombarde-lhopital-de-kaboul-faisant-etat-de-pres-de-400-morts","status":"publish","type":"post","link":"https:\/\/live-kora-tv.com\/fr\/lafghanistan-accuse-le-pakistan-davoir-bombarde-lhopital-de-kaboul-faisant-etat-de-pres-de-400-morts\/","title":{"rendered":"L&rsquo;Afghanistan accuse le Pakistan d&rsquo;avoir bombard\u00e9 l&rsquo;h\u00f4pital de Kaboul, faisant \u00e9tat de pr\u00e8s de 400 morts"},"content":{"rendered":"\n<p>Une frappe a\u00e9rienne sur un h\u00f4pital de r\u00e9\u00e9ducation dans la capitale Kaboul a tu\u00e9 pr\u00e8s de 400 personnes, ont d\u00e9clar\u00e9 mardi les autorit\u00e9s afghanes, qui accusent le Pakistan d&rsquo;avoir men\u00e9 l&rsquo;attaque.   <\/p>\n\n<p>Des sources officielles afghanes ont confirm\u00e9 que l&rsquo;\u00e9tablissement m\u00e9dical pouvait accueillir jusqu&rsquo;\u00e0 2 000 patients \u00e0 la fois, notant que l&rsquo;attaque \u00e9tait l&rsquo;un des incidents les plus meurtriers de ces derni\u00e8res semaines d&rsquo;escalade entre les deux pays. La t\u00e9l\u00e9vision d&rsquo;\u00c9tat a diffus\u00e9 des images des op\u00e9rations de sauvetage, montrant au moins 250 bless\u00e9s qui ont \u00e9t\u00e9 transf\u00e9r\u00e9s vers d&rsquo;autres h\u00f4pitaux.   <\/p>\n\n<p>Islamabad a cat\u00e9goriquement ni\u00e9 \u00eatre responsable d&rsquo;avoir vis\u00e9 des installations civiles, soulignant que ses frappes \u00e9taient pr\u00e9cises et limit\u00e9es \u00e0 des cibles militaires \u00e0 l&rsquo;int\u00e9rieur de Kaboul, et qu&rsquo;elles n&rsquo;ont pas touch\u00e9 d&rsquo;h\u00f4pital ou d&rsquo;\u00e9tablissement de sant\u00e9.   <\/p>\n\n<p>L&rsquo;incident s&rsquo;est produit quelques heures apr\u00e8s que le Conseil de s\u00e9curit\u00e9 des Nations unies a demand\u00e9 aux Talibans d&rsquo;intensifier leurs efforts pour lutter contre les groupes terroristes op\u00e9rant sur leur territoire. Le Pakistan justifie ses op\u00e9rations militaires en arguant que l&rsquo;Afghanistan est un refuge pour les militants qui m\u00e8nent des attaques transfrontali\u00e8res. <\/p>\n\n<p>Cette escalade intervient dans un contexte de tension croissante entre les deux pays, les derniers mois ayant \u00e9t\u00e9 marqu\u00e9s par un \u00e9change d&rsquo;accusations et des raids transfrontaliers, alors que l&rsquo;on craint que les diff\u00e9rends ne se transforment en une confrontation ouverte de plus grande ampleur.  <\/p>\n","protected":false},"excerpt":{"rendered":"<p>Une frappe a\u00e9rienne sur un h\u00f4pital de r\u00e9\u00e9ducation dans la capitale Kaboul a tu\u00e9 pr\u00e8s de 400 personnes, ont d\u00e9clar\u00e9 mardi les autorit\u00e9s afghanes, qui accusent le Pakistan d&rsquo;avoir men\u00e9 l&rsquo;attaque. Des sources officielles afghanes ont confirm\u00e9 que l&rsquo;\u00e9tablissement m\u00e9dical pouvait accueillir jusqu&rsquo;\u00e0 2 000 patients \u00e0 la fois, notant que l&rsquo;attaque \u00e9tait l&rsquo;un des [&hellip;]<\/p>\n","protected":false},"author":4,"featured_media":15556,"comment_status":"open","ping_status":"open","sticky":false,"template":"","format":"standard","meta":{"footnotes":""},"categories":[69],"tags":[],"class_list":{"0":"post-15558","1":"post","2":"type-post","3":"status-publish","4":"format-standard","5":"has-post-thumbnail","7":"category-nouvelles-du-monde"},"_links":{"self":[{"href":"https:\/\/live-kora-tv.com\/fr\/wp-json\/wp\/v2\/posts\/15558","targetHints":{"allow":["GET"]}}],"collection":[{"href":"https:\/\/live-kora-tv.com\/fr\/wp-json\/wp\/v2\/posts"}],"about":[{"href":"https:\/\/live-kora-tv.com\/fr\/wp-json\/wp\/v2\/types\/post"}],"author":[{"embeddable":true,"href":"https:\/\/live-kora-tv.com\/fr\/wp-json\/wp\/v2\/users\/4"}],"replies":[{"embeddable":true,"href":"https:\/\/live-kora-tv.com\/fr\/wp-json\/wp\/v2\/comments?post=15558"}],"version-history":[{"count":1,"href":"https:\/\/live-kora-tv.com\/fr\/wp-json\/wp\/v2\/posts\/15558\/revisions"}],"predecessor-version":[{"id":15559,"href":"https:\/\/live-kora-tv.com\/fr\/wp-json\/wp\/v2\/posts\/15558\/revisions\/15559"}],"wp:featuredmedia":[{"embeddable":true,"href":"https:\/\/live-kora-tv.com\/fr\/wp-json\/wp\/v2\/media\/15556"}],"wp:attachment":[{"href":"https:\/\/live-kora-tv.com\/fr\/wp-json\/wp\/v2\/media?parent=15558"}],"wp:term":[{"taxonomy":"category","embeddable":true,"href":"https:\/\/live-kora-tv.com\/fr\/wp-json\/wp\/v2\/categories?post=15558"},{"taxonomy":"post_tag","embeddable":true,"href":"https:\/\/live-kora-tv.com\/fr\/wp-json\/wp\/v2\/tags?post=15558"}],"curies":[{"name":"wp","href":"https:\/\/api.w.org\/{rel}","templated":true}]}}