{"id":15564,"date":"2026-03-17T11:15:57","date_gmt":"2026-03-17T09:15:57","guid":{"rendered":"https:\/\/live-kora-tv.com\/lequipe-tunisienne-de-handball-nomme-thierry-antti-a-la-tete-de-lequipe\/"},"modified":"2026-03-17T11:16:00","modified_gmt":"2026-03-17T09:16:00","slug":"lequipe-tunisienne-de-handball-nomme-thierry-antti-a-la-tete-de-lequipe","status":"publish","type":"post","link":"https:\/\/live-kora-tv.com\/fr\/lequipe-tunisienne-de-handball-nomme-thierry-antti-a-la-tete-de-lequipe\/","title":{"rendered":"L&rsquo;\u00e9quipe tunisienne de handball nomme Thierry Antti \u00e0 la t\u00eate de l&rsquo;\u00e9quipe"},"content":{"rendered":"\n<p>La F\u00e9d\u00e9ration tunisienne de handball a annonc\u00e9 lundi soir qu&rsquo;un accord d\u00e9finitif a \u00e9t\u00e9 trouv\u00e9 avec l&rsquo;entra\u00eeneur fran\u00e7ais Thierry Antti pour diriger l&rsquo;\u00e9quipe nationale masculine, \u00e0 partir du 1er avril 2026 et jusqu&rsquo;au 31 mars 2028.   <\/p>\n\n<p>Antti, 63 ans, a une longue et riche carri\u00e8re d&rsquo;entra\u00eeneur, ayant d\u00e9j\u00e0 dirig\u00e9 des clubs fran\u00e7ais de premier plan tels que Nantes, le Paris Saint-Germain, Cr\u00e9teil, Boc et Charte, ainsi que le Sporting Lisbonne au Portugal. Au cours de sa carri\u00e8re, il a dirig\u00e9 plus de 1 250 matches professionnels, 200 matches europ\u00e9ens, remport\u00e9 le championnat de France, atteint la finale de la Ligue des champions, deux finales de l&rsquo;UEFA Europa League, remport\u00e9 quatre fois la Coupe de France avec Nantes, et a \u00e9t\u00e9 nomm\u00e9 deux fois meilleur entra\u00eeneur de France.          <\/p>\n\n<p>L&rsquo;universit\u00e9 a confirm\u00e9 que le nouveau personnel technique sera compos\u00e9 de<\/p>\n\n<ul class=\"wp-block-list\">\n<li>Entra\u00eeneur national adjoint : Omar Khadira (actuellement membre du cadre technique de Charette en Ligue 1 fran\u00e7aise). <\/li>\n\n\n\n<li>Superviseur technique de l&rsquo;\u00e9lite nationale et coordinateur entre les \u00e9quipes de jeunes et de seniors : Sami Saidi. <\/li>\n\n\n\n<li>Entra\u00eeneur national des gardiens de but : Riad al-Sanea. <\/li>\n\n\n\n<li>Entra\u00eeneur national charg\u00e9 de la pr\u00e9paration physique : Wael Elboutiti. <\/li>\n<\/ul>\n\n<p>La nomination de Thierry Antti intervient \u00e0 un moment sensible pour l&rsquo;\u00e9quipe nationale tunisienne qui cherche \u00e0 retrouver son statut continental et international, notamment \u00e0 l&rsquo;approche des grandes comp\u00e9titions, dont la Coupe d&rsquo;Afrique des Nations et la prochaine Coupe du Monde.   <\/p>\n","protected":false},"excerpt":{"rendered":"<p>La F\u00e9d\u00e9ration tunisienne de handball a annonc\u00e9 lundi soir qu&rsquo;un accord d\u00e9finitif a \u00e9t\u00e9 trouv\u00e9 avec l&rsquo;entra\u00eeneur fran\u00e7ais Thierry Antti pour diriger l&rsquo;\u00e9quipe nationale masculine, \u00e0 partir du 1er avril 2026 et jusqu&rsquo;au 31 mars 2028. Antti, 63 ans, a une longue et riche carri\u00e8re d&rsquo;entra\u00eeneur, ayant d\u00e9j\u00e0 dirig\u00e9 des clubs fran\u00e7ais de premier plan [&hellip;]<\/p>\n","protected":false},"author":4,"featured_media":15562,"comment_status":"open","ping_status":"open","sticky":false,"template":"","format":"standard","meta":{"footnotes":""},"categories":[20],"tags":[],"class_list":{"0":"post-15564","1":"post","2":"type-post","3":"status-publish","4":"format-standard","5":"has-post-thumbnail","7":"category-actualites-sportives"},"_links":{"self":[{"href":"https:\/\/live-kora-tv.com\/fr\/wp-json\/wp\/v2\/posts\/15564","targetHints":{"allow":["GET"]}}],"collection":[{"href":"https:\/\/live-kora-tv.com\/fr\/wp-json\/wp\/v2\/posts"}],"about":[{"href":"https:\/\/live-kora-tv.com\/fr\/wp-json\/wp\/v2\/types\/post"}],"author":[{"embeddable":true,"href":"https:\/\/live-kora-tv.com\/fr\/wp-json\/wp\/v2\/users\/4"}],"replies":[{"embeddable":true,"href":"https:\/\/live-kora-tv.com\/fr\/wp-json\/wp\/v2\/comments?post=15564"}],"version-history":[{"count":1,"href":"https:\/\/live-kora-tv.com\/fr\/wp-json\/wp\/v2\/posts\/15564\/revisions"}],"predecessor-version":[{"id":15565,"href":"https:\/\/live-kora-tv.com\/fr\/wp-json\/wp\/v2\/posts\/15564\/revisions\/15565"}],"wp:featuredmedia":[{"embeddable":true,"href":"https:\/\/live-kora-tv.com\/fr\/wp-json\/wp\/v2\/media\/15562"}],"wp:attachment":[{"href":"https:\/\/live-kora-tv.com\/fr\/wp-json\/wp\/v2\/media?parent=15564"}],"wp:term":[{"taxonomy":"category","embeddable":true,"href":"https:\/\/live-kora-tv.com\/fr\/wp-json\/wp\/v2\/categories?post=15564"},{"taxonomy":"post_tag","embeddable":true,"href":"https:\/\/live-kora-tv.com\/fr\/wp-json\/wp\/v2\/tags?post=15564"}],"curies":[{"name":"wp","href":"https:\/\/api.w.org\/{rel}","templated":true}]}}