{"id":15601,"date":"2026-03-18T10:29:57","date_gmt":"2026-03-18T08:29:57","guid":{"rendered":"https:\/\/live-kora-tv.com\/la-tunisie-reitere-son-entiere-solidarite-avec-les-pays-du-golfe-dans-un-contexte-de-tensions-regionales\/"},"modified":"2026-03-18T10:29:59","modified_gmt":"2026-03-18T08:29:59","slug":"la-tunisie-reitere-son-entiere-solidarite-avec-les-pays-du-golfe-dans-un-contexte-de-tensions-regionales","status":"publish","type":"post","link":"https:\/\/live-kora-tv.com\/fr\/la-tunisie-reitere-son-entiere-solidarite-avec-les-pays-du-golfe-dans-un-contexte-de-tensions-regionales\/","title":{"rendered":"La Tunisie r\u00e9it\u00e8re son enti\u00e8re solidarit\u00e9 avec les pays du Golfe dans un contexte de tensions r\u00e9gionales"},"content":{"rendered":"\n<p>Le ministre des Affaires \u00e9trang\u00e8res Mohamed Ali Nafati a re\u00e7u mardi 17 mars 2026, au si\u00e8ge du minist\u00e8re, les ambassadeurs des pays du Conseil de coop\u00e9ration du Golfe (CCG) accr\u00e9dit\u00e9s en Tunisie.   <\/p>\n\n<p>La r\u00e9union, qui a rassembl\u00e9 des repr\u00e9sentants de l&rsquo;Arabie Saoudite, du Kowe\u00eft, du Qatar, du Bahre\u00efn, d&rsquo;Oman et des Emirats Arabes Unis, a mis l&rsquo;accent sur la force des relations d&rsquo;amiti\u00e9, de coop\u00e9ration et de partenariat entre la Tunisie et les pays du Golfe.  <\/p>\n\n<h3 class=\"wp-block-heading\">Les d\u00e9veloppements r\u00e9gionaux au c\u0153ur du d\u00e9bat<\/h3>\n\n<p>Les deux parties ont discut\u00e9 des r\u00e9cents d\u00e9veloppements dans la r\u00e9gion du Golfe et au Moyen-Orient, dans un contexte caract\u00e9ris\u00e9 par une escalade des tensions et des risques croissants qui menacent la s\u00e9curit\u00e9 et la stabilit\u00e9 r\u00e9gionales et internationales. <\/p>\n\n<p>Le chef de la diplomatie tunisienne a soulign\u00e9 l&rsquo;attachement de la Tunisie aux principes du droit international et son rejet cat\u00e9gorique de toute forme d&rsquo;agression contre les pays fr\u00e8res ou d&rsquo;atteinte \u00e0 leur unit\u00e9 et \u00e0 leur souverainet\u00e9. Il a \u00e9galement r\u00e9it\u00e9r\u00e9 l&rsquo;enti\u00e8re solidarit\u00e9 de la Tunisie avec ces pays, saluant leurs efforts pour prot\u00e9ger la communaut\u00e9 tunisienne r\u00e9sidant sur leurs territoires.   <\/p>\n\n<h3 class=\"wp-block-heading\">Appr\u00e9ciation par le Golfe de la position tunisienne<\/h3>\n\n<p>Pour leur part, les ambassadeurs du Golfe ont exprim\u00e9 leur appr\u00e9ciation des positions fermes de la Tunisie, soulignant leur volont\u00e9 de renforcer la coordination et la concertation permanente pour faire face aux menaces qui p\u00e8sent sur la s\u00e9curit\u00e9 et la stabilit\u00e9 de la r\u00e9gion.  <\/p>\n\n<p>Cette r\u00e9union intervient \u00e0 la lumi\u00e8re des tensions r\u00e9gionales actuelles et refl\u00e8te la volont\u00e9 de la Tunisie de renforcer ses relations strat\u00e9giques avec les pays du Golfe, en tant que partenaire cl\u00e9 dans divers domaines politiques, \u00e9conomiques et s\u00e9curitaires.  <\/p>\n","protected":false},"excerpt":{"rendered":"<p>Le ministre des Affaires \u00e9trang\u00e8res Mohamed Ali Nafati a re\u00e7u mardi 17 mars 2026, au si\u00e8ge du minist\u00e8re, les ambassadeurs des pays du Conseil de coop\u00e9ration du Golfe (CCG) accr\u00e9dit\u00e9s en Tunisie. La r\u00e9union, qui a rassembl\u00e9 des repr\u00e9sentants de l&rsquo;Arabie Saoudite, du Kowe\u00eft, du Qatar, du Bahre\u00efn, d&rsquo;Oman et des Emirats Arabes Unis, a [&hellip;]<\/p>\n","protected":false},"author":4,"featured_media":15598,"comment_status":"open","ping_status":"open","sticky":false,"template":"","format":"standard","meta":{"footnotes":""},"categories":[25],"tags":[],"class_list":{"0":"post-15601","1":"post","2":"type-post","3":"status-publish","4":"format-standard","5":"has-post-thumbnail","7":"category-actualites-politiques"},"_links":{"self":[{"href":"https:\/\/live-kora-tv.com\/fr\/wp-json\/wp\/v2\/posts\/15601","targetHints":{"allow":["GET"]}}],"collection":[{"href":"https:\/\/live-kora-tv.com\/fr\/wp-json\/wp\/v2\/posts"}],"about":[{"href":"https:\/\/live-kora-tv.com\/fr\/wp-json\/wp\/v2\/types\/post"}],"author":[{"embeddable":true,"href":"https:\/\/live-kora-tv.com\/fr\/wp-json\/wp\/v2\/users\/4"}],"replies":[{"embeddable":true,"href":"https:\/\/live-kora-tv.com\/fr\/wp-json\/wp\/v2\/comments?post=15601"}],"version-history":[{"count":1,"href":"https:\/\/live-kora-tv.com\/fr\/wp-json\/wp\/v2\/posts\/15601\/revisions"}],"predecessor-version":[{"id":15602,"href":"https:\/\/live-kora-tv.com\/fr\/wp-json\/wp\/v2\/posts\/15601\/revisions\/15602"}],"wp:featuredmedia":[{"embeddable":true,"href":"https:\/\/live-kora-tv.com\/fr\/wp-json\/wp\/v2\/media\/15598"}],"wp:attachment":[{"href":"https:\/\/live-kora-tv.com\/fr\/wp-json\/wp\/v2\/media?parent=15601"}],"wp:term":[{"taxonomy":"category","embeddable":true,"href":"https:\/\/live-kora-tv.com\/fr\/wp-json\/wp\/v2\/categories?post=15601"},{"taxonomy":"post_tag","embeddable":true,"href":"https:\/\/live-kora-tv.com\/fr\/wp-json\/wp\/v2\/tags?post=15601"}],"curies":[{"name":"wp","href":"https:\/\/api.w.org\/{rel}","templated":true}]}}