{"id":15613,"date":"2026-03-18T12:40:46","date_gmt":"2026-03-18T10:40:46","guid":{"rendered":"https:\/\/live-kora-tv.com\/les-raids-israeliens-sur-le-sud-liban-font-de-nombreux-morts-et-blesses-dont-un-secouriste-a-sidon\/"},"modified":"2026-03-18T12:40:49","modified_gmt":"2026-03-18T10:40:49","slug":"les-raids-israeliens-sur-le-sud-liban-font-de-nombreux-morts-et-blesses-dont-un-secouriste-a-sidon","status":"publish","type":"post","link":"https:\/\/live-kora-tv.com\/fr\/les-raids-israeliens-sur-le-sud-liban-font-de-nombreux-morts-et-blesses-dont-un-secouriste-a-sidon\/","title":{"rendered":"Les raids isra\u00e9liens sur le Sud-Liban font de nombreux morts et bless\u00e9s. dont un secouriste \u00e0 Sidon"},"content":{"rendered":"\n<p>Une frappe a\u00e9rienne isra\u00e9lienne visant une voiture dans la ville de Sidon, dans le sud du Liban, a tu\u00e9 deux personnes, dont un secouriste, et en a bless\u00e9 une autre, selon le minist\u00e8re libanais de la Sant\u00e9.   <\/p>\n\n<p>Lors d&rsquo;une autre frappe sur une maison r\u00e9sidentielle dans le quartier Ras al-Ain de Baalbek, quatre personnes ont \u00e9t\u00e9 tu\u00e9es et sept autres ont \u00e9t\u00e9 bless\u00e9es, alors que le bilan initial \u00e9tait moins \u00e9lev\u00e9. Les autorit\u00e9s locales ont confirm\u00e9 que le bilan s&rsquo;\u00e9tait alourdi apr\u00e8s le d\u00e9blaiement des d\u00e9combres et la r\u00e9cup\u00e9ration des corps.   <\/p>\n\n<h3 class=\"wp-block-heading\">Contexte d&rsquo;escalade continue<\/h3>\n\n<p>Ces frappes interviennent dans un contexte de tensions accrues entre Isra\u00ebl et les groupes arm\u00e9s sur le territoire libanais. Les frappes isra\u00e9liennes ont vis\u00e9 des sites militaires et civils, faisant des victimes parmi les civils et le personnel m\u00e9dical.  <\/p>\n\n<p>Ces incidents font partie d&rsquo;une s\u00e9rie d&rsquo;affrontements fr\u00e9quents dans la zone frontali\u00e8re, alors que l&rsquo;on craint que le conflit ne s&rsquo;\u00e9tende et n&rsquo;exacerbe la crise humanitaire dans le sud du Liban. <\/p>\n","protected":false},"excerpt":{"rendered":"<p>Une frappe a\u00e9rienne isra\u00e9lienne visant une voiture dans la ville de Sidon, dans le sud du Liban, a tu\u00e9 deux personnes, dont un secouriste, et en a bless\u00e9 une autre, selon le minist\u00e8re libanais de la Sant\u00e9. Lors d&rsquo;une autre frappe sur une maison r\u00e9sidentielle dans le quartier Ras al-Ain de Baalbek, quatre personnes ont [&hellip;]<\/p>\n","protected":false},"author":4,"featured_media":15611,"comment_status":"open","ping_status":"open","sticky":false,"template":"","format":"standard","meta":{"footnotes":""},"categories":[69],"tags":[],"class_list":{"0":"post-15613","1":"post","2":"type-post","3":"status-publish","4":"format-standard","5":"has-post-thumbnail","7":"category-nouvelles-du-monde"},"_links":{"self":[{"href":"https:\/\/live-kora-tv.com\/fr\/wp-json\/wp\/v2\/posts\/15613","targetHints":{"allow":["GET"]}}],"collection":[{"href":"https:\/\/live-kora-tv.com\/fr\/wp-json\/wp\/v2\/posts"}],"about":[{"href":"https:\/\/live-kora-tv.com\/fr\/wp-json\/wp\/v2\/types\/post"}],"author":[{"embeddable":true,"href":"https:\/\/live-kora-tv.com\/fr\/wp-json\/wp\/v2\/users\/4"}],"replies":[{"embeddable":true,"href":"https:\/\/live-kora-tv.com\/fr\/wp-json\/wp\/v2\/comments?post=15613"}],"version-history":[{"count":1,"href":"https:\/\/live-kora-tv.com\/fr\/wp-json\/wp\/v2\/posts\/15613\/revisions"}],"predecessor-version":[{"id":15614,"href":"https:\/\/live-kora-tv.com\/fr\/wp-json\/wp\/v2\/posts\/15613\/revisions\/15614"}],"wp:featuredmedia":[{"embeddable":true,"href":"https:\/\/live-kora-tv.com\/fr\/wp-json\/wp\/v2\/media\/15611"}],"wp:attachment":[{"href":"https:\/\/live-kora-tv.com\/fr\/wp-json\/wp\/v2\/media?parent=15613"}],"wp:term":[{"taxonomy":"category","embeddable":true,"href":"https:\/\/live-kora-tv.com\/fr\/wp-json\/wp\/v2\/categories?post=15613"},{"taxonomy":"post_tag","embeddable":true,"href":"https:\/\/live-kora-tv.com\/fr\/wp-json\/wp\/v2\/tags?post=15613"}],"curies":[{"name":"wp","href":"https:\/\/api.w.org\/{rel}","templated":true}]}}