{"id":1609,"date":"2024-12-21T14:15:06","date_gmt":"2024-12-21T13:15:06","guid":{"rendered":"https:\/\/live-kora-tv.com\/?p=1609"},"modified":"2024-12-21T14:15:09","modified_gmt":"2024-12-21T13:15:09","slug":"le-chef-de-letat-appelle-a-la-rehabilitation-des-etablissements-industriels-fermes","status":"publish","type":"post","link":"https:\/\/live-kora-tv.com\/fr\/le-chef-de-letat-appelle-a-la-rehabilitation-des-etablissements-industriels-fermes\/","title":{"rendered":"Le chef de l\u2019\u00c9tat appelle \u00e0 la r\u00e9habilitation des \u00e9tablissements industriels ferm\u00e9s"},"content":{"rendered":"\n<p>Lors d\u2019une rencontre au <strong>Palais de Carthage<\/strong>, vendredi, avec la ministre de l\u2019Industrie, des Mines et de l\u2019\u00c9nergie, <strong>Fatma Thabet Chiboub<\/strong>, le pr\u00e9sident de la R\u00e9publique, <strong>Kais Saied<\/strong>, a mis l\u2019accent sur la n\u00e9cessit\u00e9 de <strong>redonner vie<\/strong> \u00e0 plusieurs \u00e9tablissements industriels qui ont \u00e9t\u00e9 <strong>ferm\u00e9s ou c\u00e9d\u00e9s<\/strong>.<\/p>\n\n\n\n<h3 class=\"wp-block-heading\">Des richesses \u00ab dilapid\u00e9es \u00bb \u00e0 valoriser<\/h3>\n\n\n\n<p>Selon le pr\u00e9sident Saied, ces \u00e9tablissements repr\u00e9sentent des <strong>richesses dilapid\u00e9es<\/strong>, et leur remise en activit\u00e9 est un devoir national. Il a rappel\u00e9 que l\u2019un des objectifs de la <strong>r\u00e9volution du 17 d\u00e9cembre 2010<\/strong> est de garantir au peuple tunisien son <strong>droit naturel au travail<\/strong>.<\/p>\n\n\n\n<p>Le chef de l\u2019\u00c9tat a \u00e9galement critiqu\u00e9 les <strong>ventes aux ench\u00e8res<\/strong> qualifi\u00e9es de \u00ab soi-disant publiques \u00bb, au cours desquelles les \u00e9quipements de ces \u00e9tablissements ont souvent \u00e9t\u00e9 c\u00e9d\u00e9s \u00e0 bas prix.<\/p>\n\n\n\n<h3 class=\"wp-block-heading\">Des exemples embl\u00e9matiques<\/h3>\n\n\n\n<p>Parmi les \u00e9tablissements \u00e9voqu\u00e9s, Kais Saied a cit\u00e9 :<\/p>\n\n\n\n<ul class=\"wp-block-list\">\n<li>Le <strong>complexe industriel d\u2019El Mzouna<\/strong>, dans le gouvernorat de <strong>Sidi Bouzid<\/strong>.<\/li>\n\n\n\n<li>Le <strong>moulin \u00e0 grains \u00e0 Dahmani<\/strong>, dans le gouvernorat du <strong>Kef<\/strong>, fond\u00e9 en 1912, et autrefois reconnu pour la qualit\u00e9 de sa production.<\/li>\n<\/ul>\n\n\n\n<p>Ces fermetures ont eu des <strong>cons\u00e9quences \u00e9conomiques et sociales graves<\/strong>, notamment la perte de nombreux <strong>emplois<\/strong> et l\u2019aggravation du ph\u00e9nom\u00e8ne de <strong>ch\u00f4mage<\/strong> dans ces r\u00e9gions.<\/p>\n\n\n\n<h3 class=\"wp-block-heading\">Un appel \u00e0 des solutions concr\u00e8tes<\/h3>\n\n\n\n<p>Le pr\u00e9sident a appel\u00e9 \u00e0 trouver des <strong>solutions urgentes<\/strong> pour r\u00e9habiliter ces \u00e9tablissements et relancer leur activit\u00e9. Il a soulign\u00e9 que cette initiative contribuerait \u00e0 r\u00e9duire le ch\u00f4mage et \u00e0 stimuler l\u2019\u00e9conomie locale, tout en valorisant le patrimoine industriel du pays.<\/p>\n\n\n\n<p>Cette d\u00e9marche s\u2019inscrit dans une vision globale visant \u00e0 <strong>r\u00e9duire les in\u00e9galit\u00e9s r\u00e9gionales<\/strong> et \u00e0 <strong>favoriser le d\u00e9veloppement \u00e9conomique<\/strong> durable en Tunisie.<\/p>\n","protected":false},"excerpt":{"rendered":"<p>Lors d\u2019une rencontre au Palais de Carthage, vendredi, avec la ministre de l\u2019Industrie, des Mines et de l\u2019\u00c9nergie, Fatma Thabet Chiboub, le pr\u00e9sident de la R\u00e9publique, Kais Saied, a mis l\u2019accent sur la n\u00e9cessit\u00e9 de redonner vie \u00e0 plusieurs \u00e9tablissements industriels qui ont \u00e9t\u00e9 ferm\u00e9s ou c\u00e9d\u00e9s. Des richesses \u00ab dilapid\u00e9es \u00bb \u00e0 valoriser Selon [&hellip;]<\/p>\n","protected":false},"author":1,"featured_media":1610,"comment_status":"open","ping_status":"open","sticky":false,"template":"","format":"standard","meta":{"footnotes":""},"categories":[25],"tags":[],"class_list":{"0":"post-1609","1":"post","2":"type-post","3":"status-publish","4":"format-standard","5":"has-post-thumbnail","7":"category-actualites-politiques"},"_links":{"self":[{"href":"https:\/\/live-kora-tv.com\/fr\/wp-json\/wp\/v2\/posts\/1609","targetHints":{"allow":["GET"]}}],"collection":[{"href":"https:\/\/live-kora-tv.com\/fr\/wp-json\/wp\/v2\/posts"}],"about":[{"href":"https:\/\/live-kora-tv.com\/fr\/wp-json\/wp\/v2\/types\/post"}],"author":[{"embeddable":true,"href":"https:\/\/live-kora-tv.com\/fr\/wp-json\/wp\/v2\/users\/1"}],"replies":[{"embeddable":true,"href":"https:\/\/live-kora-tv.com\/fr\/wp-json\/wp\/v2\/comments?post=1609"}],"version-history":[{"count":1,"href":"https:\/\/live-kora-tv.com\/fr\/wp-json\/wp\/v2\/posts\/1609\/revisions"}],"predecessor-version":[{"id":1612,"href":"https:\/\/live-kora-tv.com\/fr\/wp-json\/wp\/v2\/posts\/1609\/revisions\/1612"}],"wp:featuredmedia":[{"embeddable":true,"href":"https:\/\/live-kora-tv.com\/fr\/wp-json\/wp\/v2\/media\/1610"}],"wp:attachment":[{"href":"https:\/\/live-kora-tv.com\/fr\/wp-json\/wp\/v2\/media?parent=1609"}],"wp:term":[{"taxonomy":"category","embeddable":true,"href":"https:\/\/live-kora-tv.com\/fr\/wp-json\/wp\/v2\/categories?post=1609"},{"taxonomy":"post_tag","embeddable":true,"href":"https:\/\/live-kora-tv.com\/fr\/wp-json\/wp\/v2\/tags?post=1609"}],"curies":[{"name":"wp","href":"https:\/\/api.w.org\/{rel}","templated":true}]}}