{"id":1643,"date":"2024-12-22T20:43:37","date_gmt":"2024-12-22T19:43:37","guid":{"rendered":"https:\/\/live-kora-tv.com\/?p=1643"},"modified":"2024-12-22T20:43:39","modified_gmt":"2024-12-22T19:43:39","slug":"est-un-examen-crucial-pour-laurentiu-reghecampf","status":"publish","type":"post","link":"https:\/\/live-kora-tv.com\/fr\/est-un-examen-crucial-pour-laurentiu-reghecampf\/","title":{"rendered":"EST : Un examen crucial pour Laurentiu Reghecampf"},"content":{"rendered":"\n<p>L\u2019entra\u00eeneur roumain de l\u2019Esp\u00e9rance Sportive de Tunis (EST), <strong>Laurentiu Reghecampf<\/strong>, s\u2019appr\u00eate \u00e0 disputer son premier derby en championnat. Une rencontre de prestige face au <strong>Club Africain<\/strong>, cet apr\u00e8s-midi au stade olympique de Rad\u00e8s, devant plus de <strong>30 000 supporters sang et or<\/strong>. Ce match repr\u00e9sente un <strong>test grandeur nature<\/strong> pour le technicien, dont les d\u00e9buts \u00e0 la t\u00eate de l\u2019\u00e9quipe ont \u00e9t\u00e9 prometteurs, mais qui devra maintenant confirmer sa stature dans un contexte de forte pression.<\/p>\n\n\n\n<h3 class=\"wp-block-heading\">Un parcours encourageant en Ligue des champions<\/h3>\n\n\n\n<p>En Ligue des champions, Laurentiu Reghecampf a r\u00e9ussi une belle entame. Son \u00e9quipe a d\u00e9marr\u00e9 la phase de groupes avec une victoire \u00e9crasante contre <strong>Djoliba AC<\/strong> (4-0), un nul contre <strong>Sagrada Esperan\u00e7a<\/strong> (0-0) et une victoire importante face \u00e0 <strong>Pyramids FC<\/strong> (2-0), s\u2019emparant ainsi du <strong>leadership du Groupe D<\/strong>.<\/p>\n\n\n\n<h3 class=\"wp-block-heading\">D\u00e9buts mitig\u00e9s en championnat<\/h3>\n\n\n\n<p>En championnat, ses d\u00e9buts ont \u00e9t\u00e9 plus contrast\u00e9s :<\/p>\n\n\n\n<ul class=\"wp-block-list\">\n<li><strong>1-1 contre Ben Guerdane<\/strong> : Un r\u00e9sultat nul accept\u00e9 comme un apprentissage pour son premier match officiel.<\/li>\n\n\n\n<li><strong>2-0 contre la JSO<\/strong> : Une victoire ma\u00eetris\u00e9e qui a rassur\u00e9 les supporters.<\/li>\n<\/ul>\n\n\n\n<p>Le derby de cet apr\u00e8s-midi est toutefois d\u2019un autre calibre. Laurentiu Reghecampf sait qu\u2019il devra sortir un grand match pour marquer les esprits, surtout face \u00e0 un <strong>Club Africain en confiance<\/strong>.<\/p>\n\n\n\n<h3 class=\"wp-block-heading\">L\u2019infirmerie reste un enjeu<\/h3>\n\n\n\n<p>Les choix de Reghecampf pour le onze de d\u00e9part sont influenc\u00e9s par les disponibilit\u00e9s des joueurs :<\/p>\n\n\n\n<ul class=\"wp-block-list\">\n<li><strong>Elias Mokwana<\/strong> : Victime d\u2019une grippe, il sera probablement <strong>forfait<\/strong> pour le derby.<\/li>\n\n\n\n<li><strong>Roger Aholou<\/strong> : De retour apr\u00e8s blessure, il est physiquement pr\u00eat, mais son int\u00e9gration d\u00e9pendra des choix tactiques de l\u2019entra\u00eeneur.<\/li>\n\n\n\n<li><strong>Yan Sasse<\/strong> : Absent depuis un mois, il est d\u00e9sormais compl\u00e8tement r\u00e9tabli et convoqu\u00e9 pour le match. Sa titularisation est incertaine, mais il pourrait entrer en cours de jeu.<\/li>\n<\/ul>\n\n\n\n<h3 class=\"wp-block-heading\">Des choix tactiques attendus<\/h3>\n\n\n\n<p>La composition de l\u2019\u00e9quipe reste myst\u00e9rieuse, mais certains choix semblent \u00e9vidents :<\/p>\n\n\n\n<ul class=\"wp-block-list\">\n<li><strong>Amanallah Memmiche<\/strong> devrait \u00eatre titularis\u00e9 au poste de gardien.<\/li>\n\n\n\n<li>En d\u00e9fense centrale, <strong>Hamza Jelassi<\/strong> sera associ\u00e9 soit \u00e0 <strong>Mohamed Amine Touga\u00ef<\/strong> soit \u00e0 <strong>Mohamed Amine Ben Hmida<\/strong>, avec la possibilit\u00e9 pour <strong>Aymen Ben Mohamed<\/strong> d\u2019occuper le flanc gauche.<\/li>\n\n\n\n<li>En attaque, le trio <strong>Youssef Bela\u00efli<\/strong>, <strong>Abdramane Konat\u00e9<\/strong>, et <strong>Rodrigo Rodrigues<\/strong> devrait porter les espoirs offensifs de l\u2019EST.<\/li>\n<\/ul>\n\n\n\n<h3 class=\"wp-block-heading\">Une attente forte des supporters<\/h3>\n\n\n\n<p>Les attentes des supporters sang et or sont immenses pour ce derby. Ce match repr\u00e9sente bien plus qu\u2019une simple rencontre de championnat : il est une question de fiert\u00e9 et une opportunit\u00e9 de montrer que l\u2019Esp\u00e9rance reste un acteur majeur du football tunisien, sous la direction de son nouvel entra\u00eeneur.<\/p>\n\n\n\n<p>Laurentiu Reghecampf sait qu\u2019il joue gros cet apr\u00e8s-midi. Une victoire dans ce derby renforcerait son cr\u00e9dit aupr\u00e8s des supporters et marquerait un tournant positif dans sa prise en main de l\u2019\u00e9quipe.<\/p>\n","protected":false},"excerpt":{"rendered":"<p>L\u2019entra\u00eeneur roumain de l\u2019Esp\u00e9rance Sportive de Tunis (EST), Laurentiu Reghecampf, s\u2019appr\u00eate \u00e0 disputer son premier derby en championnat. Une rencontre de prestige face au Club Africain, cet apr\u00e8s-midi au stade olympique de Rad\u00e8s, devant plus de 30 000 supporters sang et or. Ce match repr\u00e9sente un test grandeur nature pour le technicien, dont les d\u00e9buts [&hellip;]<\/p>\n","protected":false},"author":1,"featured_media":1644,"comment_status":"open","ping_status":"open","sticky":false,"template":"","format":"standard","meta":{"footnotes":""},"categories":[20],"tags":[],"class_list":{"0":"post-1643","1":"post","2":"type-post","3":"status-publish","4":"format-standard","5":"has-post-thumbnail","7":"category-actualites-sportives"},"_links":{"self":[{"href":"https:\/\/live-kora-tv.com\/fr\/wp-json\/wp\/v2\/posts\/1643","targetHints":{"allow":["GET"]}}],"collection":[{"href":"https:\/\/live-kora-tv.com\/fr\/wp-json\/wp\/v2\/posts"}],"about":[{"href":"https:\/\/live-kora-tv.com\/fr\/wp-json\/wp\/v2\/types\/post"}],"author":[{"embeddable":true,"href":"https:\/\/live-kora-tv.com\/fr\/wp-json\/wp\/v2\/users\/1"}],"replies":[{"embeddable":true,"href":"https:\/\/live-kora-tv.com\/fr\/wp-json\/wp\/v2\/comments?post=1643"}],"version-history":[{"count":1,"href":"https:\/\/live-kora-tv.com\/fr\/wp-json\/wp\/v2\/posts\/1643\/revisions"}],"predecessor-version":[{"id":1646,"href":"https:\/\/live-kora-tv.com\/fr\/wp-json\/wp\/v2\/posts\/1643\/revisions\/1646"}],"wp:featuredmedia":[{"embeddable":true,"href":"https:\/\/live-kora-tv.com\/fr\/wp-json\/wp\/v2\/media\/1644"}],"wp:attachment":[{"href":"https:\/\/live-kora-tv.com\/fr\/wp-json\/wp\/v2\/media?parent=1643"}],"wp:term":[{"taxonomy":"category","embeddable":true,"href":"https:\/\/live-kora-tv.com\/fr\/wp-json\/wp\/v2\/categories?post=1643"},{"taxonomy":"post_tag","embeddable":true,"href":"https:\/\/live-kora-tv.com\/fr\/wp-json\/wp\/v2\/tags?post=1643"}],"curies":[{"name":"wp","href":"https:\/\/api.w.org\/{rel}","templated":true}]}}